{"id":100055,"date":"2018-10-30T07:41:11","date_gmt":"2018-10-30T10:41:11","guid":{"rendered":"http:\/\/www.ocorreionews.com.br\/?p=100055"},"modified":"2018-10-30T11:16:26","modified_gmt":"2018-10-30T14:16:26","slug":"acontece-hoje-a-prestacao-de-contas-da-saude-em-audiencia-na-camara","status":"publish","type":"post","link":"https:\/\/www.ocorreionews.com.br\/acervo-correio\/?p=100055","title":{"rendered":"Acontece hoje a presta\u00e7\u00e3o de contas da sa\u00fade em audi\u00eancia na C\u00e2mara"},"content":{"rendered":"<p>Em audi\u00eancia p\u00fablica marcada para esta ter\u00e7a-feira, 30, a Secretaria de Sa\u00fade de Chapad\u00e3o do Sul far\u00e1 a presta\u00e7\u00e3o de contas referente ao segundo quadrimestre de 2018.<\/p>\n<p>A realiza\u00e7\u00e3o da audi\u00eancia cumpre as exig\u00eancias da lei, mas \u00e9 um importante momento para que a popula\u00e7\u00e3o possa conhecer mais de perto os trabalhos que foram realizados na \u00e1rea da sa\u00fade.<\/p>\n<p>A audi\u00eancia est\u00e1 agendada para come\u00e7ar \u00e0s 13h15 na C\u00e2mara de Vereadores.<\/p>\n<p>A Prefeitura de Chapad\u00e3o do Sul convida toda popula\u00e7\u00e3o para participar.<\/p>\n","protected":false},"excerpt":{"rendered":"<p>Em audi\u00eancia p\u00fablica marcada para esta ter\u00e7a-feira, 30, a Secretaria de Sa\u00fade de Chapad\u00e3o do Sul far\u00e1 a presta\u00e7\u00e3o de contas referente ao segundo quadrimestre de 2018. A realiza\u00e7\u00e3o da audi\u00eancia cumpre as exig\u00eancias da lei, mas \u00e9 um importante momento para que a popula\u00e7\u00e3o possa conhecer mais de perto os trabalhos que foram realizados [&hellip;]<\/p>\n","protected":false},"author":5,"featured_media":100059,"comment_status":"closed","ping_status":"closed","sticky":false,"template":"","format":"standard","meta":{"footnotes":""},"categories":[23],"tags":[],"class_list":["post-100055","post","type-post","status-publish","format-standard","has-post-thumbnail","hentry","category-chapadao-do-sul"],"_links":{"self":[{"href":"https:\/\/www.ocorreionews.com.br\/acervo-correio\/index.php?rest_route=\/wp\/v2\/posts\/100055","targetHints":{"allow":["GET"]}}],"collection":[{"href":"https:\/\/www.ocorreionews.com.br\/acervo-correio\/index.php?rest_route=\/wp\/v2\/posts"}],"about":[{"href":"https:\/\/www.ocorreionews.com.br\/acervo-correio\/index.php?rest_route=\/wp\/v2\/types\/post"}],"author":[{"embeddable":true,"href":"https:\/\/www.ocorreionews.com.br\/acervo-correio\/index.php?rest_route=\/wp\/v2\/users\/5"}],"replies":[{"embeddable":true,"href":"https:\/\/www.ocorreionews.com.br\/acervo-correio\/index.php?rest_route=%2Fwp%2Fv2%2Fcomments&post=100055"}],"version-history":[{"count":0,"href":"https:\/\/www.ocorreionews.com.br\/acervo-correio\/index.php?rest_route=\/wp\/v2\/posts\/100055\/revisions"}],"wp:featuredmedia":[{"embeddable":true,"href":"https:\/\/www.ocorreionews.com.br\/acervo-correio\/index.php?rest_route=\/wp\/v2\/media\/100059"}],"wp:attachment":[{"href":"https:\/\/www.ocorreionews.com.br\/acervo-correio\/index.php?rest_route=%2Fwp%2Fv2%2Fmedia&parent=100055"}],"wp:term":[{"taxonomy":"category","embeddable":true,"href":"https:\/\/www.ocorreionews.com.br\/acervo-correio\/index.php?rest_route=%2Fwp%2Fv2%2Fcategories&post=100055"},{"taxonomy":"post_tag","embeddable":true,"href":"https:\/\/www.ocorreionews.com.br\/acervo-correio\/index.php?rest_route=%2Fwp%2Fv2%2Ftags&post=100055"}],"curies":[{"name":"wp","href":"https:\/\/api.w.org\/{rel}","templated":true}]}}