{"id":100061,"date":"2018-10-30T11:21:53","date_gmt":"2018-10-30T14:21:53","guid":{"rendered":"http:\/\/www.ocorreionews.com.br\/?p=100061"},"modified":"2018-10-30T11:21:53","modified_gmt":"2018-10-30T14:21:53","slug":"petrobras-reduz-em-62-preco-da-gasolina-nas-refinarias","status":"publish","type":"post","link":"https:\/\/www.ocorreionews.com.br\/acervo-correio\/?p=100061","title":{"rendered":"Petrobras reduz em 6,2% pre\u00e7o da gasolina nas refinarias"},"content":{"rendered":"<p>A Petrobras anunciou hoje (30), no Rio de Janeiro, a redu\u00e7\u00e3o de 6,2% no pre\u00e7o da gasolina.<\/p>\n<p>O litro do combust\u00edvel passar\u00e1 a ser negociado a R$ 1,8623 nas refinarias da estatal a partir de amanh\u00e3 (31), 12 centavos a menos do que o pre\u00e7o atual.<\/p>\n<div class=\"dnd-widget-wrapper context-cheio_8colunas type-image\">\n<div class=\"dnd-atom-rendered\">\n<figure class=\"mejs-fotoh-wrapper\">\n<p><figure style=\"width: 754px\" class=\"wp-caption alignnone\"><img loading=\"lazy\" decoding=\"async\" class=\"img-responsive full full\" title=\"05 13:45:23\/Ag\u00eancia Brasil\" src=\"http:\/\/imagens.ebc.com.br\/u3wvPKfrCEf4yvoLr2ty8D4TqS0=\/754x0\/smart\/http:\/\/agenciabrasil.ebc.com.br\/sites\/default\/files\/atoms\/image\/983584-cubat%C3%A3o-7452.jpg?itok=Z7r3D5GN\" alt=\"Cubat\u00e3o(SP) - Trabalhadores terceirizados adentram a refinaria de Cubat\u00e3o, durante a greve dos petroleitos (Rovena Rosa\/Ag\u00eancia Brasil)\" width=\"754\" height=\"359\" \/><figcaption class=\"wp-caption-text\">Litro do combust\u00edvel passa a ser negociado a R$ 1,8623 nas refinarias da Petrobras a partir de amanh\u00e3. Foto: Reprodu\u00e7\u00e3o Ag\u00eancia Brasil<\/figcaption><\/figure><\/figure>\n<\/div>\n<div class=\"dnd-caption-wrapper\">\n<div class=\"meta\"><span style=\"text-transform: initial;\">No m\u00eas, a gasolina teve uma queda de pre\u00e7o acumulada de 15,96%, j\u00e1 que, em 30 de setembro, o litro do combust\u00edvel era negociado a R$ 2,2159, ou seja, 35 centavos a mais do que o pre\u00e7o que ser\u00e1 aplicado a partir de amanh\u00e3.<\/span><\/div>\n<\/div>\n<\/div>\n<p>Hoje o \u00f3leo diesel j\u00e1 sofreu uma redu\u00e7\u00e3o de pre\u00e7o de 10,07% e passou a ser vendido a R$ 2,1228 por litro.<\/p>\n<p>&nbsp;<\/p>\n<p>*Agencia Brasil<\/p>\n","protected":false},"excerpt":{"rendered":"<p>A Petrobras anunciou hoje (30), no Rio de Janeiro, a redu\u00e7\u00e3o de 6,2% no pre\u00e7o da gasolina. O litro do combust\u00edvel passar\u00e1 a ser negociado a R$ 1,8623 nas refinarias da estatal a partir de amanh\u00e3 (31), 12 centavos a menos do que o pre\u00e7o atual. No m\u00eas, a gasolina teve uma queda de pre\u00e7o [&hellip;]<\/p>\n","protected":false},"author":5,"featured_media":95275,"comment_status":"closed","ping_status":"closed","sticky":false,"template":"","format":"standard","meta":{"footnotes":""},"categories":[26],"tags":[],"class_list":["post-100061","post","type-post","status-publish","format-standard","has-post-thumbnail","hentry","category-economia"],"_links":{"self":[{"href":"https:\/\/www.ocorreionews.com.br\/acervo-correio\/index.php?rest_route=\/wp\/v2\/posts\/100061","targetHints":{"allow":["GET"]}}],"collection":[{"href":"https:\/\/www.ocorreionews.com.br\/acervo-correio\/index.php?rest_route=\/wp\/v2\/posts"}],"about":[{"href":"https:\/\/www.ocorreionews.com.br\/acervo-correio\/index.php?rest_route=\/wp\/v2\/types\/post"}],"author":[{"embeddable":true,"href":"https:\/\/www.ocorreionews.com.br\/acervo-correio\/index.php?rest_route=\/wp\/v2\/users\/5"}],"replies":[{"embeddable":true,"href":"https:\/\/www.ocorreionews.com.br\/acervo-correio\/index.php?rest_route=%2Fwp%2Fv2%2Fcomments&post=100061"}],"version-history":[{"count":0,"href":"https:\/\/www.ocorreionews.com.br\/acervo-correio\/index.php?rest_route=\/wp\/v2\/posts\/100061\/revisions"}],"wp:featuredmedia":[{"embeddable":true,"href":"https:\/\/www.ocorreionews.com.br\/acervo-correio\/index.php?rest_route=\/wp\/v2\/media\/95275"}],"wp:attachment":[{"href":"https:\/\/www.ocorreionews.com.br\/acervo-correio\/index.php?rest_route=%2Fwp%2Fv2%2Fmedia&parent=100061"}],"wp:term":[{"taxonomy":"category","embeddable":true,"href":"https:\/\/www.ocorreionews.com.br\/acervo-correio\/index.php?rest_route=%2Fwp%2Fv2%2Fcategories&post=100061"},{"taxonomy":"post_tag","embeddable":true,"href":"https:\/\/www.ocorreionews.com.br\/acervo-correio\/index.php?rest_route=%2Fwp%2Fv2%2Ftags&post=100061"}],"curies":[{"name":"wp","href":"https:\/\/api.w.org\/{rel}","templated":true}]}}