{"id":100074,"date":"2018-10-30T14:15:03","date_gmt":"2018-10-30T17:15:03","guid":{"rendered":"http:\/\/www.ocorreionews.com.br\/?p=100074"},"modified":"2018-10-30T14:15:03","modified_gmt":"2018-10-30T17:15:03","slug":"jatai-cpe-prende-homem-transportando-15-kg-de-maconha","status":"publish","type":"post","link":"https:\/\/www.ocorreionews.com.br\/acervo-correio\/?p=100074","title":{"rendered":"Jatai- CPE prende homem transportando 1,5 kg de maconha"},"content":{"rendered":"<p>De acordo informa\u00e7\u00f5es da 14\u00aa CRPM, na manh\u00e3 dessa segunda-feira (29), equipes da * 18\u00b0CIPM-CPE* receberam informa\u00e7\u00f5es de que um ve\u00edculo marca Scania de cor vermelha, que possivelmente teria embarcado uma carga de drogas na fronteira com o Paraguai e estaria seguindo pela Br 364.<\/p>\n<p>Foi iniciado uma opera\u00e7\u00e3o, quando por volta das 11 hrs, um ve\u00edculo com as mesmas caracter\u00edsticas foi visto passando pelo trevo sa\u00edda para Serranop\u00f3lis. O ve\u00edculo seguiu na Br 060 e foi abordado cerca de 20 km de Jata\u00ed.<\/p>\n<p>Durante a abordagem, foi identificada a pessoa PEDRO VICENTE DE SOUZA, natural de Dourados-MS, o qual j\u00e1 possu\u00ed passagens por tr\u00e1fico de drogas.<\/p>\n<p>Durante a busca no ve\u00edculo, foi localizado dentro da boleia, embaixo da cama v\u00e1rias pe\u00e7as de maconha. J\u00e1 dentro da carreta, embalados em 25 caixas, contendo aproximando 45 tabletes cada, foi localizado o restante da droga.<\/p>\n<p>Em entrevista com o abordado, o mesmo relata que pegou a droga na fronteira com o Paraguai e que teria como destino a cidade de Ribeir\u00e3o Preto-SP.<\/p>\n<p>Agradecemos o apoio da equipe da 19\u00b0 CIPM\/CPE de Rio Verde, que compareceu ao local da abordagem, apoiando no que foi necess\u00e1rio.<\/p>\n<p>O autor foi apresentado ao plant\u00e3o da pol\u00edcia civil em Jata\u00ed, onde foi autuado em flagrante e apreendido o ve\u00edculo e a droga, totalizando 1500 kg de maconha.<\/p>\n<div id=\"gallery-1\" class=\"gallery galleryid-76975 gallery-columns-1 gallery-size-full\">\n<dl class=\"gallery-item\">\n<dt class=\"gallery-icon portrait\"><a href=\"http:\/\/plantaojti.com.br\/wp-content\/uploads\/2018\/10\/8009158a-4376-4ff9-80a5-bca230c19375.jpg\" data-rel=\"lightbox-gallery-1\"><img loading=\"lazy\" decoding=\"async\" class=\"attachment-full size-full\" src=\"http:\/\/plantaojti.com.br\/wp-content\/uploads\/2018\/10\/8009158a-4376-4ff9-80a5-bca230c19375.jpg\" sizes=\"auto, (max-width: 960px) 100vw, 960px\" srcset=\"http:\/\/plantaojti.com.br\/wp-content\/uploads\/2018\/10\/8009158a-4376-4ff9-80a5-bca230c19375.jpg 960w, http:\/\/plantaojti.com.br\/wp-content\/uploads\/2018\/10\/8009158a-4376-4ff9-80a5-bca230c19375-165x220.jpg 165w, http:\/\/plantaojti.com.br\/wp-content\/uploads\/2018\/10\/8009158a-4376-4ff9-80a5-bca230c19375-768x1024.jpg 768w, http:\/\/plantaojti.com.br\/wp-content\/uploads\/2018\/10\/8009158a-4376-4ff9-80a5-bca230c19375-450x600.jpg 450w\" alt=\"\" width=\"960\" height=\"1280\" \/><\/a><\/dt>\n<\/dl>\n<dl class=\"gallery-item\">\n<dt class=\"gallery-icon landscape\"><a href=\"http:\/\/plantaojti.com.br\/wp-content\/uploads\/2018\/10\/69ed175d-8244-402a-bda3-0d3f9430d134.jpg\" data-rel=\"lightbox-gallery-1\"><img loading=\"lazy\" decoding=\"async\" class=\"attachment-full size-full\" src=\"http:\/\/plantaojti.com.br\/wp-content\/uploads\/2018\/10\/69ed175d-8244-402a-bda3-0d3f9430d134.jpg\" sizes=\"auto, (max-width: 1280px) 100vw, 1280px\" srcset=\"http:\/\/plantaojti.com.br\/wp-content\/uploads\/2018\/10\/69ed175d-8244-402a-bda3-0d3f9430d134.jpg 1280w, http:\/\/plantaojti.com.br\/wp-content\/uploads\/2018\/10\/69ed175d-8244-402a-bda3-0d3f9430d134-220x220.jpg 220w, http:\/\/plantaojti.com.br\/wp-content\/uploads\/2018\/10\/69ed175d-8244-402a-bda3-0d3f9430d134-768x768.jpg 768w, http:\/\/plantaojti.com.br\/wp-content\/uploads\/2018\/10\/69ed175d-8244-402a-bda3-0d3f9430d134-600x600.jpg 600w, http:\/\/plantaojti.com.br\/wp-content\/uploads\/2018\/10\/69ed175d-8244-402a-bda3-0d3f9430d134-65x65.jpg 65w\" alt=\"\" width=\"1280\" height=\"1280\" \/><\/a><\/dt>\n<\/dl>\n<dl class=\"gallery-item\">\n<dt class=\"gallery-icon landscape\"><a href=\"http:\/\/plantaojti.com.br\/wp-content\/uploads\/2018\/10\/242230ef-4273-4d07-8c4a-6f206deb88fb.jpg\" data-rel=\"lightbox-gallery-1\"><img loading=\"lazy\" decoding=\"async\" class=\"attachment-full size-full\" src=\"http:\/\/plantaojti.com.br\/wp-content\/uploads\/2018\/10\/242230ef-4273-4d07-8c4a-6f206deb88fb.jpg\" sizes=\"auto, (max-width: 1280px) 100vw, 1280px\" srcset=\"http:\/\/plantaojti.com.br\/wp-content\/uploads\/2018\/10\/242230ef-4273-4d07-8c4a-6f206deb88fb.jpg 1280w, http:\/\/plantaojti.com.br\/wp-content\/uploads\/2018\/10\/242230ef-4273-4d07-8c4a-6f206deb88fb-247x220.jpg 247w, http:\/\/plantaojti.com.br\/wp-content\/uploads\/2018\/10\/242230ef-4273-4d07-8c4a-6f206deb88fb-768x683.jpg 768w, http:\/\/plantaojti.com.br\/wp-content\/uploads\/2018\/10\/242230ef-4273-4d07-8c4a-6f206deb88fb-600x534.jpg 600w\" alt=\"\" width=\"1280\" height=\"1139\" \/><\/a><\/dt>\n<\/dl>\n<dl class=\"gallery-item\">\n<dt class=\"gallery-icon landscape\"><a href=\"http:\/\/plantaojti.com.br\/wp-content\/uploads\/2018\/10\/ae49172e-cb04-4a7b-99d9-e7c437983ecc.jpg\" data-rel=\"lightbox-gallery-1\"><img loading=\"lazy\" decoding=\"async\" class=\"attachment-full size-full\" src=\"http:\/\/plantaojti.com.br\/wp-content\/uploads\/2018\/10\/ae49172e-cb04-4a7b-99d9-e7c437983ecc.jpg\" sizes=\"auto, (max-width: 1280px) 100vw, 1280px\" srcset=\"http:\/\/plantaojti.com.br\/wp-content\/uploads\/2018\/10\/ae49172e-cb04-4a7b-99d9-e7c437983ecc.jpg 1280w, http:\/\/plantaojti.com.br\/wp-content\/uploads\/2018\/10\/ae49172e-cb04-4a7b-99d9-e7c437983ecc-293x220.jpg 293w, http:\/\/plantaojti.com.br\/wp-content\/uploads\/2018\/10\/ae49172e-cb04-4a7b-99d9-e7c437983ecc-768x576.jpg 768w, http:\/\/plantaojti.com.br\/wp-content\/uploads\/2018\/10\/ae49172e-cb04-4a7b-99d9-e7c437983ecc-600x450.jpg 600w\" alt=\"\" width=\"1280\" height=\"960\" \/><\/a><\/dt>\n<dt>Fonte:Plantao JTI<\/dt>\n<\/dl>\n<\/div>\n","protected":false},"excerpt":{"rendered":"<p>De acordo informa\u00e7\u00f5es da 14\u00aa CRPM, na manh\u00e3 dessa segunda-feira (29), equipes da * 18\u00b0CIPM-CPE* receberam informa\u00e7\u00f5es de que um ve\u00edculo marca Scania de cor vermelha, que possivelmente teria embarcado uma carga de drogas na fronteira com o Paraguai e estaria seguindo pela Br 364. Foi iniciado uma opera\u00e7\u00e3o, quando por volta das 11 hrs, [&hellip;]<\/p>\n","protected":false},"author":4,"featured_media":100075,"comment_status":"closed","ping_status":"closed","sticky":false,"template":"","format":"standard","meta":{"footnotes":""},"categories":[38],"tags":[],"class_list":["post-100074","post","type-post","status-publish","format-standard","has-post-thumbnail","hentry","category-policia"],"_links":{"self":[{"href":"https:\/\/www.ocorreionews.com.br\/acervo-correio\/index.php?rest_route=\/wp\/v2\/posts\/100074","targetHints":{"allow":["GET"]}}],"collection":[{"href":"https:\/\/www.ocorreionews.com.br\/acervo-correio\/index.php?rest_route=\/wp\/v2\/posts"}],"about":[{"href":"https:\/\/www.ocorreionews.com.br\/acervo-correio\/index.php?rest_route=\/wp\/v2\/types\/post"}],"author":[{"embeddable":true,"href":"https:\/\/www.ocorreionews.com.br\/acervo-correio\/index.php?rest_route=\/wp\/v2\/users\/4"}],"replies":[{"embeddable":true,"href":"https:\/\/www.ocorreionews.com.br\/acervo-correio\/index.php?rest_route=%2Fwp%2Fv2%2Fcomments&post=100074"}],"version-history":[{"count":0,"href":"https:\/\/www.ocorreionews.com.br\/acervo-correio\/index.php?rest_route=\/wp\/v2\/posts\/100074\/revisions"}],"wp:featuredmedia":[{"embeddable":true,"href":"https:\/\/www.ocorreionews.com.br\/acervo-correio\/index.php?rest_route=\/wp\/v2\/media\/100075"}],"wp:attachment":[{"href":"https:\/\/www.ocorreionews.com.br\/acervo-correio\/index.php?rest_route=%2Fwp%2Fv2%2Fmedia&parent=100074"}],"wp:term":[{"taxonomy":"category","embeddable":true,"href":"https:\/\/www.ocorreionews.com.br\/acervo-correio\/index.php?rest_route=%2Fwp%2Fv2%2Fcategories&post=100074"},{"taxonomy":"post_tag","embeddable":true,"href":"https:\/\/www.ocorreionews.com.br\/acervo-correio\/index.php?rest_route=%2Fwp%2Fv2%2Ftags&post=100074"}],"curies":[{"name":"wp","href":"https:\/\/api.w.org\/{rel}","templated":true}]}}