{"id":100705,"date":"2018-11-08T15:30:29","date_gmt":"2018-11-08T18:30:29","guid":{"rendered":"http:\/\/www.ocorreionews.com.br\/?p=100705"},"modified":"2018-11-08T15:30:29","modified_gmt":"2018-11-08T18:30:29","slug":"dr-maia-se-reune-com-tereza-cristina-futura-ministra-da-agricultura-que-assegura-r-390-mil-para-costa-rica","status":"publish","type":"post","link":"https:\/\/www.ocorreionews.com.br\/acervo-correio\/?p=100705","title":{"rendered":"Dr. Maia se re\u00fane com Tereza Cristina, futura Ministra da Agricultura, que assegura R$ 390 mil para Costa Rica"},"content":{"rendered":"<p>O presidente da C\u00e2mara de Vereadores de Costa Rica-MS, Jos\u00e9 Augusto Maia Vasconcellos, o Dr. Maia (DEM), se reuniu com a deputada federal Tereza Cristina (DEM-MS) na manh\u00e3 desta quinta-feira (08\/11), em Bras\u00edlia-DF, na C\u00e2mara dos Deputados. Na ocasi\u00e3o, ele parabenizou a parlamentar sul-mato-grossense por ter sido anunciada como a Ministra da Agricultura no governo do presidente eleito Jair Bolsonaro (PSL), a partir do dia 1\u00ba de janeiro do ano que vem.<\/p>\n<p>Ainda durante o encontro, o presidente da C\u00e2mara recebeu das m\u00e3os de Tereza Cristina o documento que confirma a libera\u00e7\u00e3o de uma emenda parlamentar no valor de R$ 390 mil, de autoria da deputada, destinada \u00e0 constru\u00e7\u00e3o da sede pr\u00f3pria do Centro de Refer\u00eancia Especializado em Assist\u00eancia Social (CREAS) de Costa Rica.<\/p>\n<p><strong>MINIST\u00c9RIO DA AGRICULTURA<\/strong> &#8211; Conforme Dr. Maia, a escolha de Tereza Cristina para o cargo de Ministra da Agricultura representa uma importante conquista para o estado de Mato Grosso do Sul, que ter\u00e1 uma representante no primeiro escal\u00e3o do Governo Federal, a partir de 2019.<\/p>\n<p>\u201cQuando optamos por apoiar a nossa deputada Tereza Cristina, t\u00ednhamos certeza de que ela iria fazer um excelente trabalho na C\u00e2mara Federal, agora imaginem no Minist\u00e9rio da Agricultura. Mato Grosso do Sul est\u00e1 de parab\u00e9ns com sua filha. Sucesso minha querida amiga e que venham os frutos deste trabalho\u201d, parabenizou Dr. Maia, em coment\u00e1rio que ele postou no Facebook.<\/p>\n<p>Jair Bolsonaro\u00a0anunciou na quarta-feira (07\/11) o nome de Tereza Cristina para o Minist\u00e9rio da Agricultura. \u201cFiz quest\u00e3o de parabenizar a nossa deputada pessoalmente na reuni\u00e3o que tivemos nesta manh\u00e3 em Bras\u00edlia. \u00c9 uma \u00f3tima indica\u00e7\u00e3o, uma excelente not\u00edcia para nosso estado e nossa cidade que t\u00eam como base o agroneg\u00f3cio\u201d, afirmou Dr. Maia.<\/p>\n<p><strong>EMENDA PARLAMENTAR<\/strong> \u2013 Segundo Dr. Maia, a libera\u00e7\u00e3o da emenda parlamentar para o CREAS de Costa Rica atende aos pedidos feitos por ele, pelo prefeito Waldeli dos Santos Rosa (MDB), e pelo vereador licenciado Ant\u00f4nio Divino F\u00e9lix Rodrigues, o Tonin F\u00e9lix (PSB).<\/p>\n<p>\u201cEu estou levando em m\u00e3os o documento da emenda no valor de R$ 390 mil, que foi conquistada atrav\u00e9s do trabalho do senhor prefeito, do Tonin F\u00e9lix e meu. Esses recursos v\u00e3o ser aplicados no CREAS de Costa Rica\u201d, completou o presidente da C\u00e2mara.<\/p>\n<p>A reuni\u00e3o de Dr. Maia com Tereza Cristina aconteceu no gabinete da congressista, na C\u00e2mara dos Deputados.<\/p>\n<p>&nbsp;<\/p>\n<p>&nbsp;<\/p>\n<p>&nbsp;<\/p>\n<p>Fonte: Ademilson Lopes \/ Foto: ASSEIM\/CMCR<\/p>\n","protected":false},"excerpt":{"rendered":"<p>O presidente da C\u00e2mara de Vereadores de Costa Rica-MS, Jos\u00e9 Augusto Maia Vasconcellos, o Dr. Maia (DEM), se reuniu com a deputada federal Tereza Cristina (DEM-MS) na manh\u00e3 desta quinta-feira (08\/11), em Bras\u00edlia-DF, na C\u00e2mara dos Deputados. Na ocasi\u00e3o, ele parabenizou a parlamentar sul-mato-grossense por ter sido anunciada como a Ministra da Agricultura no governo [&hellip;]<\/p>\n","protected":false},"author":5,"featured_media":100706,"comment_status":"closed","ping_status":"closed","sticky":false,"template":"","format":"standard","meta":{"footnotes":""},"categories":[20,25],"tags":[],"class_list":["post-100705","post","type-post","status-publish","format-standard","has-post-thumbnail","hentry","category-camara-municipal","category-costa-rica"],"_links":{"self":[{"href":"https:\/\/www.ocorreionews.com.br\/acervo-correio\/index.php?rest_route=\/wp\/v2\/posts\/100705","targetHints":{"allow":["GET"]}}],"collection":[{"href":"https:\/\/www.ocorreionews.com.br\/acervo-correio\/index.php?rest_route=\/wp\/v2\/posts"}],"about":[{"href":"https:\/\/www.ocorreionews.com.br\/acervo-correio\/index.php?rest_route=\/wp\/v2\/types\/post"}],"author":[{"embeddable":true,"href":"https:\/\/www.ocorreionews.com.br\/acervo-correio\/index.php?rest_route=\/wp\/v2\/users\/5"}],"replies":[{"embeddable":true,"href":"https:\/\/www.ocorreionews.com.br\/acervo-correio\/index.php?rest_route=%2Fwp%2Fv2%2Fcomments&post=100705"}],"version-history":[{"count":0,"href":"https:\/\/www.ocorreionews.com.br\/acervo-correio\/index.php?rest_route=\/wp\/v2\/posts\/100705\/revisions"}],"wp:featuredmedia":[{"embeddable":true,"href":"https:\/\/www.ocorreionews.com.br\/acervo-correio\/index.php?rest_route=\/wp\/v2\/media\/100706"}],"wp:attachment":[{"href":"https:\/\/www.ocorreionews.com.br\/acervo-correio\/index.php?rest_route=%2Fwp%2Fv2%2Fmedia&parent=100705"}],"wp:term":[{"taxonomy":"category","embeddable":true,"href":"https:\/\/www.ocorreionews.com.br\/acervo-correio\/index.php?rest_route=%2Fwp%2Fv2%2Fcategories&post=100705"},{"taxonomy":"post_tag","embeddable":true,"href":"https:\/\/www.ocorreionews.com.br\/acervo-correio\/index.php?rest_route=%2Fwp%2Fv2%2Ftags&post=100705"}],"curies":[{"name":"wp","href":"https:\/\/api.w.org\/{rel}","templated":true}]}}