{"id":100708,"date":"2018-11-08T15:37:35","date_gmt":"2018-11-08T18:37:35","guid":{"rendered":"http:\/\/www.ocorreionews.com.br\/?p=100708"},"modified":"2018-11-08T15:37:35","modified_gmt":"2018-11-08T18:37:35","slug":"alunas-que-representaram-paraiso-foram-vice-campeas-na-12a-jornada-nacional-de-foguetes","status":"publish","type":"post","link":"https:\/\/www.ocorreionews.com.br\/acervo-correio\/?p=100708","title":{"rendered":"Alunas que representaram Para\u00edso foram vice-campe\u00e3s na 12\u00aa Jornada Nacional de Foguetes"},"content":{"rendered":"<p>As alunas da Escola Estadual Vereador Kendi Nakai, Fabiana Lopes Recalde e Kamille Vit\u00f3ria Deodato, acompanhadas da professora C\u00e9lia Souza, que foram representar o munic\u00edpio de Para\u00edso das \u00c1guas na 12\u00aa Jornada Nacional de Foguetes da Olimp\u00edada Brasileira de Astronomia e Astron\u00e1utica, \u00a0conquistaram o segundo lugar na competi\u00e7\u00e3o, com um foguete que atingiu 124.8 metros.<\/p>\n<p>O evento aconteceu na cidade de Barra do Pira\u00ed, no Rio de Janeiro e reuniu 1200 alunos durante toda competi\u00e7\u00e3o.<\/p>\n<p>A participa\u00e7\u00e3o das alunas, que estudam no 1\u00ba ano do ensino m\u00e9dio, na 12\u00aa Jornada Nacional de Foguetes teve o apoio Prefeitura Municipal de Para\u00edso das \u00c1guas atrav\u00e9s da Secretaria Municipal de Educa\u00e7\u00e3o e C\u00e2mara de Vereadores<\/p>\n<p>&nbsp;<\/p>\n<p>ASSECOM- Prefeitura Municipal de Para\u00edso das \u00c1guas- MS<\/p>\n","protected":false},"excerpt":{"rendered":"<p>As alunas da Escola Estadual Vereador Kendi Nakai, Fabiana Lopes Recalde e Kamille Vit\u00f3ria Deodato, acompanhadas da professora C\u00e9lia Souza, que foram representar o munic\u00edpio de Para\u00edso das \u00c1guas na 12\u00aa Jornada Nacional de Foguetes da Olimp\u00edada Brasileira de Astronomia e Astron\u00e1utica, \u00a0conquistaram o segundo lugar na competi\u00e7\u00e3o, com um foguete que atingiu 124.8 metros. [&hellip;]<\/p>\n","protected":false},"author":5,"featured_media":100709,"comment_status":"closed","ping_status":"closed","sticky":false,"template":"","format":"standard","meta":{"footnotes":""},"categories":[36],"tags":[],"class_list":["post-100708","post","type-post","status-publish","format-standard","has-post-thumbnail","hentry","category-paraiso-das-aguas"],"_links":{"self":[{"href":"https:\/\/www.ocorreionews.com.br\/acervo-correio\/index.php?rest_route=\/wp\/v2\/posts\/100708","targetHints":{"allow":["GET"]}}],"collection":[{"href":"https:\/\/www.ocorreionews.com.br\/acervo-correio\/index.php?rest_route=\/wp\/v2\/posts"}],"about":[{"href":"https:\/\/www.ocorreionews.com.br\/acervo-correio\/index.php?rest_route=\/wp\/v2\/types\/post"}],"author":[{"embeddable":true,"href":"https:\/\/www.ocorreionews.com.br\/acervo-correio\/index.php?rest_route=\/wp\/v2\/users\/5"}],"replies":[{"embeddable":true,"href":"https:\/\/www.ocorreionews.com.br\/acervo-correio\/index.php?rest_route=%2Fwp%2Fv2%2Fcomments&post=100708"}],"version-history":[{"count":0,"href":"https:\/\/www.ocorreionews.com.br\/acervo-correio\/index.php?rest_route=\/wp\/v2\/posts\/100708\/revisions"}],"wp:featuredmedia":[{"embeddable":true,"href":"https:\/\/www.ocorreionews.com.br\/acervo-correio\/index.php?rest_route=\/wp\/v2\/media\/100709"}],"wp:attachment":[{"href":"https:\/\/www.ocorreionews.com.br\/acervo-correio\/index.php?rest_route=%2Fwp%2Fv2%2Fmedia&parent=100708"}],"wp:term":[{"taxonomy":"category","embeddable":true,"href":"https:\/\/www.ocorreionews.com.br\/acervo-correio\/index.php?rest_route=%2Fwp%2Fv2%2Fcategories&post=100708"},{"taxonomy":"post_tag","embeddable":true,"href":"https:\/\/www.ocorreionews.com.br\/acervo-correio\/index.php?rest_route=%2Fwp%2Fv2%2Ftags&post=100708"}],"curies":[{"name":"wp","href":"https:\/\/api.w.org\/{rel}","templated":true}]}}