{"id":100715,"date":"2018-11-08T17:16:58","date_gmt":"2018-11-08T20:16:58","guid":{"rendered":"http:\/\/www.ocorreionews.com.br\/?p=100715"},"modified":"2018-11-08T17:16:58","modified_gmt":"2018-11-08T20:16:58","slug":"tereza-cristina-diz-que-produtores-querem-ministerio-mais-moderno","status":"publish","type":"post","link":"https:\/\/www.ocorreionews.com.br\/acervo-correio\/?p=100715","title":{"rendered":"Tereza Cristina diz que produtores querem minist\u00e9rio mais moderno"},"content":{"rendered":"<p>A deputada Tereza Cristina (DEM-MS) disse hoje, ap\u00f3s reuni\u00e3o com Jair Bolsonaro (PSL), que os produtores rurais esperam seguran\u00e7a jur\u00eddica, defesa da propriedade e um minist\u00e9rio \u201cmais moderno\u201d, incluindo maior n\u00famero de acordos comerciais. O nome dela foi confirmado ontem por Bolsonaro para o Minist\u00e9rio da Agricultura. Na pr\u00f3xima ter\u00e7a-feira (13), eles devem se encontrar novamente para detalhar prioridades e a eventual inclus\u00e3o de novas \u00e1reas na pasta.<\/p>\n<p>Esta foi a primeira reuni\u00e3o entre a futura ministra e o presidente eleito, depois da confirma\u00e7\u00e3o do nome dela. Tereza Cristina disse ter sido uma \u201cconversa r\u00e1pida\u201d e que os detalhes sobre a pasta que ir\u00e1 comandar ser\u00e3o definidos na pr\u00f3xima semana.<\/p>\n<p>Ela quer saber, por exemplo, se as \u00e1reas da pesca e da agricultura familiar ser\u00e3o inclu\u00eddas na sua pasta e como ocorrer\u00e1 esse processo. Segundo a deputada, \u00e9 fundamental saber o \u201ctamanho\u201d do Minist\u00e9rio da Agricultura.<\/p>\n<p><strong>Meio Ambiente<\/strong><\/p>\n<p>Antes do encontro com Bolsonaro, Tereza Cristina foi questionada sobre a rela\u00e7\u00e3o com o Minist\u00e9rio do Meio Ambiente, \u00e1rea de tens\u00e3o com a pasta da Agricultura, e disse que espera ter uma rela\u00e7\u00e3o \u201cmuito boa\u201d com quem assumir o comando do MMA.<\/p>\n<p>A deputada federal afirmou que a escolha do nome para o Minist\u00e9rio do Meio Ambiente \u00e9 \u201cexclusiva do presidente eleito\u201d, nas admitiu que, se for consultada, far\u00e1 sugest\u00f5es. Ela n\u00e3o quais, por\u00e9m, adiantar o que sugeriria.<\/p>\n<p><span class=\"autorNoticia\"><big>MARESSA MENDON\u00c7A, COM AG\u00caNCIA BRASIL<\/big><\/span><\/p>\n","protected":false},"excerpt":{"rendered":"<p>A deputada Tereza Cristina (DEM-MS) disse hoje, ap\u00f3s reuni\u00e3o com Jair Bolsonaro (PSL), que os produtores rurais esperam seguran\u00e7a jur\u00eddica, defesa da propriedade e um minist\u00e9rio \u201cmais moderno\u201d, incluindo maior n\u00famero de acordos comerciais. O nome dela foi confirmado ontem por Bolsonaro para o Minist\u00e9rio da Agricultura. Na pr\u00f3xima ter\u00e7a-feira (13), eles devem se encontrar [&hellip;]<\/p>\n","protected":false},"author":4,"featured_media":95628,"comment_status":"closed","ping_status":"closed","sticky":false,"template":"","format":"standard","meta":{"footnotes":""},"categories":[17,37],"tags":[],"class_list":["post-100715","post","type-post","status-publish","format-standard","has-post-thumbnail","hentry","category-agropecuaria","category-politica"],"_links":{"self":[{"href":"https:\/\/www.ocorreionews.com.br\/acervo-correio\/index.php?rest_route=\/wp\/v2\/posts\/100715","targetHints":{"allow":["GET"]}}],"collection":[{"href":"https:\/\/www.ocorreionews.com.br\/acervo-correio\/index.php?rest_route=\/wp\/v2\/posts"}],"about":[{"href":"https:\/\/www.ocorreionews.com.br\/acervo-correio\/index.php?rest_route=\/wp\/v2\/types\/post"}],"author":[{"embeddable":true,"href":"https:\/\/www.ocorreionews.com.br\/acervo-correio\/index.php?rest_route=\/wp\/v2\/users\/4"}],"replies":[{"embeddable":true,"href":"https:\/\/www.ocorreionews.com.br\/acervo-correio\/index.php?rest_route=%2Fwp%2Fv2%2Fcomments&post=100715"}],"version-history":[{"count":0,"href":"https:\/\/www.ocorreionews.com.br\/acervo-correio\/index.php?rest_route=\/wp\/v2\/posts\/100715\/revisions"}],"wp:featuredmedia":[{"embeddable":true,"href":"https:\/\/www.ocorreionews.com.br\/acervo-correio\/index.php?rest_route=\/wp\/v2\/media\/95628"}],"wp:attachment":[{"href":"https:\/\/www.ocorreionews.com.br\/acervo-correio\/index.php?rest_route=%2Fwp%2Fv2%2Fmedia&parent=100715"}],"wp:term":[{"taxonomy":"category","embeddable":true,"href":"https:\/\/www.ocorreionews.com.br\/acervo-correio\/index.php?rest_route=%2Fwp%2Fv2%2Fcategories&post=100715"},{"taxonomy":"post_tag","embeddable":true,"href":"https:\/\/www.ocorreionews.com.br\/acervo-correio\/index.php?rest_route=%2Fwp%2Fv2%2Ftags&post=100715"}],"curies":[{"name":"wp","href":"https:\/\/api.w.org\/{rel}","templated":true}]}}