{"id":100717,"date":"2018-11-09T07:29:24","date_gmt":"2018-11-09T10:29:24","guid":{"rendered":"http:\/\/www.ocorreionews.com.br\/?p=100717"},"modified":"2018-11-09T07:29:24","modified_gmt":"2018-11-09T10:29:24","slug":"edital-de-convocacao-assembleia-geral-extraordinaria","status":"publish","type":"post","link":"https:\/\/www.ocorreionews.com.br\/acervo-correio\/?p=100717","title":{"rendered":"Edital De Convoca\u00e7\u00e3o Assembl\u00e9ia Geral Extraordin\u00e1ria"},"content":{"rendered":"<p>EMPRESA ARMAZENADORA DE CHAPAD\u00c3O DO SUL S.A.<\/p>\n<p>CNPJ\/MF 24.659.039\/0001-83<\/p>\n<p>EDITAL DE CONVOCA\u00c7\u00c3O<\/p>\n<p>ASSEMBL\u00c9IA GERAL EXTRAORDIN\u00c1RIA<\/p>\n<p>Ficam convocados os senhores acionistas da Empresa Armazenadora de Chapad\u00e3o do Sul SA, para se reunirem no dia 20\/11\/2018 \u00e0s 8:00 horas na sede da empresa, situada na Rodovia BR 060 s\/n\u00b0 km 13 &#8211; Chapad\u00e3o do Sul\/MS, a fim de deliberarem as seguintes ordens do dia:<\/p>\n<p>A) Proposta da Diretoria com parecer do Conselho Fiscal, para reforma do Estatuto Social;<\/p>\n<p>B) Transforma\u00e7\u00e3o da S\/A Sociedade An\u00f4nima em Empresa Limitada;<\/p>\n<p>Chapad\u00e3o do Sul-MS, 07 de novembro 2018.<\/p>\n<p>ILTON HENRICHSEN<\/p>\n<p>Diretor Presidente<\/p>\n","protected":false},"excerpt":{"rendered":"<p>EMPRESA ARMAZENADORA DE CHAPAD\u00c3O DO SUL S.A. CNPJ\/MF 24.659.039\/0001-83 EDITAL DE CONVOCA\u00c7\u00c3O ASSEMBL\u00c9IA GERAL EXTRAORDIN\u00c1RIA Ficam convocados os senhores acionistas da Empresa Armazenadora de Chapad\u00e3o do Sul SA, para se reunirem no dia 20\/11\/2018 \u00e0s 8:00 horas na sede da empresa, situada na Rodovia BR 060 s\/n\u00b0 km 13 &#8211; Chapad\u00e3o do Sul\/MS, a fim [&hellip;]<\/p>\n","protected":false},"author":4,"featured_media":100686,"comment_status":"closed","ping_status":"closed","sticky":false,"template":"","format":"standard","meta":{"footnotes":""},"categories":[23,24],"tags":[],"class_list":["post-100717","post","type-post","status-publish","format-standard","has-post-thumbnail","hentry","category-chapadao-do-sul","category-classificados"],"_links":{"self":[{"href":"https:\/\/www.ocorreionews.com.br\/acervo-correio\/index.php?rest_route=\/wp\/v2\/posts\/100717","targetHints":{"allow":["GET"]}}],"collection":[{"href":"https:\/\/www.ocorreionews.com.br\/acervo-correio\/index.php?rest_route=\/wp\/v2\/posts"}],"about":[{"href":"https:\/\/www.ocorreionews.com.br\/acervo-correio\/index.php?rest_route=\/wp\/v2\/types\/post"}],"author":[{"embeddable":true,"href":"https:\/\/www.ocorreionews.com.br\/acervo-correio\/index.php?rest_route=\/wp\/v2\/users\/4"}],"replies":[{"embeddable":true,"href":"https:\/\/www.ocorreionews.com.br\/acervo-correio\/index.php?rest_route=%2Fwp%2Fv2%2Fcomments&post=100717"}],"version-history":[{"count":0,"href":"https:\/\/www.ocorreionews.com.br\/acervo-correio\/index.php?rest_route=\/wp\/v2\/posts\/100717\/revisions"}],"wp:featuredmedia":[{"embeddable":true,"href":"https:\/\/www.ocorreionews.com.br\/acervo-correio\/index.php?rest_route=\/wp\/v2\/media\/100686"}],"wp:attachment":[{"href":"https:\/\/www.ocorreionews.com.br\/acervo-correio\/index.php?rest_route=%2Fwp%2Fv2%2Fmedia&parent=100717"}],"wp:term":[{"taxonomy":"category","embeddable":true,"href":"https:\/\/www.ocorreionews.com.br\/acervo-correio\/index.php?rest_route=%2Fwp%2Fv2%2Fcategories&post=100717"},{"taxonomy":"post_tag","embeddable":true,"href":"https:\/\/www.ocorreionews.com.br\/acervo-correio\/index.php?rest_route=%2Fwp%2Fv2%2Ftags&post=100717"}],"curies":[{"name":"wp","href":"https:\/\/api.w.org\/{rel}","templated":true}]}}