{"id":10089,"date":"2015-09-14T09:05:08","date_gmt":"2015-09-14T13:05:08","guid":{"rendered":"https:\/\/ocorreionews.com.br\/?p=10089"},"modified":"2015-09-14T09:05:08","modified_gmt":"2015-09-14T13:05:08","slug":"vereador-walter-rosa-parabeniza-secretaria-de-saude-por-aquisicao-de-raio-x","status":"publish","type":"post","link":"https:\/\/www.ocorreionews.com.br\/acervo-correio\/?p=10089","title":{"rendered":"Vereador Walter Rosa parabeniza Secretaria de Sa\u00fade por aquisi\u00e7\u00e3o de Raio X"},"content":{"rendered":"<p style=\"text-align: justify;\">O Vereador Walter Rosa(PP), elogiou a Secretaria de Sa\u00fade de Chapad\u00e3o do C\u00e9u pela aquisi\u00e7\u00e3o de um novo aparelho de Raio X. O equipamento adquirido ir\u00e1 substituir o antigo melhorando os atendimentos na \u00e1rea de sa\u00fade.<\/p>\n<p style=\"text-align: justify;\">Finalizou seu pronunciamento parabenizando o Prefeito Rog\u00e9rio e o Vice Cid\u00e3o pela aquisi\u00e7\u00e3o de um novo caminh\u00e3o para atender a Secret\u00e1ria de Agricultura e Meio Ambiente, adquirido com os recursos do leil\u00e3o de ve\u00edculos sucateados que foi realizado recentemente pela administra\u00e7\u00e3o municipal.<\/p>\n<p style=\"text-align: justify;\">Assecom C\u00e2mara Municipal<\/p>\n","protected":false},"excerpt":{"rendered":"<p>O Vereador Walter Rosa(PP), elogiou a Secretaria de Sa\u00fade de Chapad\u00e3o do C\u00e9u pela aquisi\u00e7\u00e3o de um novo aparelho de Raio X. O equipamento adquirido ir\u00e1 substituir o antigo melhorando os atendimentos na \u00e1rea de sa\u00fade. Finalizou seu pronunciamento parabenizando o Prefeito Rog\u00e9rio e o Vice Cid\u00e3o pela aquisi\u00e7\u00e3o de um novo caminh\u00e3o para atender [&hellip;]<\/p>\n","protected":false},"author":4,"featured_media":10091,"comment_status":"closed","ping_status":"closed","sticky":false,"template":"","format":"standard","meta":{"footnotes":""},"categories":[22],"tags":[],"class_list":["post-10089","post","type-post","status-publish","format-standard","has-post-thumbnail","hentry","category-chapadao-do-ceu"],"_links":{"self":[{"href":"https:\/\/www.ocorreionews.com.br\/acervo-correio\/index.php?rest_route=\/wp\/v2\/posts\/10089","targetHints":{"allow":["GET"]}}],"collection":[{"href":"https:\/\/www.ocorreionews.com.br\/acervo-correio\/index.php?rest_route=\/wp\/v2\/posts"}],"about":[{"href":"https:\/\/www.ocorreionews.com.br\/acervo-correio\/index.php?rest_route=\/wp\/v2\/types\/post"}],"author":[{"embeddable":true,"href":"https:\/\/www.ocorreionews.com.br\/acervo-correio\/index.php?rest_route=\/wp\/v2\/users\/4"}],"replies":[{"embeddable":true,"href":"https:\/\/www.ocorreionews.com.br\/acervo-correio\/index.php?rest_route=%2Fwp%2Fv2%2Fcomments&post=10089"}],"version-history":[{"count":0,"href":"https:\/\/www.ocorreionews.com.br\/acervo-correio\/index.php?rest_route=\/wp\/v2\/posts\/10089\/revisions"}],"wp:featuredmedia":[{"embeddable":true,"href":"https:\/\/www.ocorreionews.com.br\/acervo-correio\/index.php?rest_route=\/wp\/v2\/media\/10091"}],"wp:attachment":[{"href":"https:\/\/www.ocorreionews.com.br\/acervo-correio\/index.php?rest_route=%2Fwp%2Fv2%2Fmedia&parent=10089"}],"wp:term":[{"taxonomy":"category","embeddable":true,"href":"https:\/\/www.ocorreionews.com.br\/acervo-correio\/index.php?rest_route=%2Fwp%2Fv2%2Fcategories&post=10089"},{"taxonomy":"post_tag","embeddable":true,"href":"https:\/\/www.ocorreionews.com.br\/acervo-correio\/index.php?rest_route=%2Fwp%2Fv2%2Ftags&post=10089"}],"curies":[{"name":"wp","href":"https:\/\/api.w.org\/{rel}","templated":true}]}}