{"id":10093,"date":"2015-09-14T09:07:24","date_gmt":"2015-09-14T13:07:24","guid":{"rendered":"https:\/\/ocorreionews.com.br\/?p=10093"},"modified":"2015-09-14T09:07:24","modified_gmt":"2015-09-14T13:07:24","slug":"vereador-uelton-matias-solicita-documentos-a-comissao-de-licitacao-municipal","status":"publish","type":"post","link":"https:\/\/www.ocorreionews.com.br\/acervo-correio\/?p=10093","title":{"rendered":"Vereador Uelton Matias solicita documentos a Comiss\u00e3o de Licita\u00e7\u00e3o Municipal"},"content":{"rendered":"<p>O Vereador Uelton Coreia Matias apresentou o requerimento N\u00ba 27\/2015, solicitando a Comiss\u00e3o de Licita\u00e7\u00e3o da Prefeitura Municipal de Chapad\u00e3o do C\u00e9u as c\u00f3pias de todos os documentos envolvendo processos licitat\u00f3rios com a participa\u00e7\u00e3o da empresa Mirela Presentes LTDA \u2013 ME, inscrita sob CNPJ 17.550.703\/0001-96.<\/p>\n<p>Na exposi\u00e7\u00e3o de motivos o vereador Uelton Matias justificou que o papel do vereador \u00e9 acompanhar o andamento os trabalhos do Poder Executivo e o requerimento solicita os documentos necess\u00e1rios para desempenhar a sua fun\u00e7\u00e3o no Legislativo.<\/p>\n<p>&nbsp;<\/p>\n<p>Assecom C\u00e2mara Municipal<\/p>\n","protected":false},"excerpt":{"rendered":"<p>O Vereador Uelton Coreia Matias apresentou o requerimento N\u00ba 27\/2015, solicitando a Comiss\u00e3o de Licita\u00e7\u00e3o da Prefeitura Municipal de Chapad\u00e3o do C\u00e9u as c\u00f3pias de todos os documentos envolvendo processos licitat\u00f3rios com a participa\u00e7\u00e3o da empresa Mirela Presentes LTDA \u2013 ME, inscrita sob CNPJ 17.550.703\/0001-96. Na exposi\u00e7\u00e3o de motivos o vereador Uelton Matias justificou que [&hellip;]<\/p>\n","protected":false},"author":4,"featured_media":10094,"comment_status":"closed","ping_status":"closed","sticky":false,"template":"","format":"standard","meta":{"footnotes":""},"categories":[22],"tags":[],"class_list":["post-10093","post","type-post","status-publish","format-standard","has-post-thumbnail","hentry","category-chapadao-do-ceu"],"_links":{"self":[{"href":"https:\/\/www.ocorreionews.com.br\/acervo-correio\/index.php?rest_route=\/wp\/v2\/posts\/10093","targetHints":{"allow":["GET"]}}],"collection":[{"href":"https:\/\/www.ocorreionews.com.br\/acervo-correio\/index.php?rest_route=\/wp\/v2\/posts"}],"about":[{"href":"https:\/\/www.ocorreionews.com.br\/acervo-correio\/index.php?rest_route=\/wp\/v2\/types\/post"}],"author":[{"embeddable":true,"href":"https:\/\/www.ocorreionews.com.br\/acervo-correio\/index.php?rest_route=\/wp\/v2\/users\/4"}],"replies":[{"embeddable":true,"href":"https:\/\/www.ocorreionews.com.br\/acervo-correio\/index.php?rest_route=%2Fwp%2Fv2%2Fcomments&post=10093"}],"version-history":[{"count":0,"href":"https:\/\/www.ocorreionews.com.br\/acervo-correio\/index.php?rest_route=\/wp\/v2\/posts\/10093\/revisions"}],"wp:featuredmedia":[{"embeddable":true,"href":"https:\/\/www.ocorreionews.com.br\/acervo-correio\/index.php?rest_route=\/wp\/v2\/media\/10094"}],"wp:attachment":[{"href":"https:\/\/www.ocorreionews.com.br\/acervo-correio\/index.php?rest_route=%2Fwp%2Fv2%2Fmedia&parent=10093"}],"wp:term":[{"taxonomy":"category","embeddable":true,"href":"https:\/\/www.ocorreionews.com.br\/acervo-correio\/index.php?rest_route=%2Fwp%2Fv2%2Fcategories&post=10093"},{"taxonomy":"post_tag","embeddable":true,"href":"https:\/\/www.ocorreionews.com.br\/acervo-correio\/index.php?rest_route=%2Fwp%2Fv2%2Ftags&post=10093"}],"curies":[{"name":"wp","href":"https:\/\/api.w.org\/{rel}","templated":true}]}}