{"id":10095,"date":"2015-09-14T09:09:06","date_gmt":"2015-09-14T13:09:06","guid":{"rendered":"https:\/\/ocorreionews.com.br\/?p=10095"},"modified":"2015-09-14T09:09:06","modified_gmt":"2015-09-14T13:09:06","slug":"juro-anual-cartao-de-credito-do-bate-350-e-o-mes-e-a-maior-desde-de-1999","status":"publish","type":"post","link":"https:\/\/www.ocorreionews.com.br\/acervo-correio\/?p=10095","title":{"rendered":"Juro anual cart\u00e3o de cr\u00e9dito do bate 350% e o m\u00eas \u00e9 a maior desde de 1999"},"content":{"rendered":"<p>A taxa de juros m\u00e9dia geral para pessoas f\u00edsicas subiu de julho para agosto, segundo pesquisa da Associa\u00e7\u00e3o Nacional dos Executivos de Finan\u00e7as, Administra\u00e7\u00e3o e Contabilidade (Anefac). Das seis linhas de cr\u00e9dito pesquisadas, como cheque especial e cart\u00e3o de cr\u00e9dito rotativo, todas ficaram mais caras.<\/p>\n<div class=\"saibamais componente_materia\">No caso do cart\u00e3o de cr\u00e9dito, houve uma eleva\u00e7\u00e3o de 2,61%. Com isso, a taxa subiu de 13,03% ao m\u00eas (334,84% ao ano) em julho para 13,37% ao m\u00eas (350,79% ao ano) em agosto. A taxa deste m\u00eas \u00e9 a maior desde mar\u00e7o de 1999, quando chegou a 13,45% ao m\u00eas ou 354,63% ao ano).<\/div>\n<p>O juro m\u00e9dio, considerando todas as modalidades de empr\u00e9stimo pessoal, subiu 1,13% no m\u00eas ao passar de 7,06% ao m\u00eas (126,74% ao ano) em julho para 7,14% ao m\u00eas (128,78% ao ano) em agosto &#8211;\u00a0 a maior taxa de juros desde julho de 2009.<\/p>\n<p>A taxa de juros m\u00e9dia geral para pessoa jur\u00eddica tamb\u00e9m aumentou, correspondente a uma eleva\u00e7\u00e3o de 0,74% no m\u00eas, passando 4,06% ao m\u00eas (61,22% ao ano) em julho para 4,09% ao m\u00eas (61,77% ao ano) em agosto &#8211; a maior taxa de juros desde junho de 2009.<\/p>\n<p>Para a Anefac, &#8220;tendo em vista o cen\u00e1rio econ\u00f4mico atual que aumenta o risco de eleva\u00e7\u00e3o dos \u00edndices de inadimpl\u00eancia, a tend\u00eancia \u00e9 de que as taxas de juros das opera\u00e7\u00f5es de cr\u00e9dito voltem a ser elevadas nos pr\u00f3ximos meses&#8221;.<\/p>\n<p>&nbsp;<\/p>\n<p>G1<\/p>\n","protected":false},"excerpt":{"rendered":"<p>A taxa de juros m\u00e9dia geral para pessoas f\u00edsicas subiu de julho para agosto, segundo pesquisa da Associa\u00e7\u00e3o Nacional dos Executivos de Finan\u00e7as, Administra\u00e7\u00e3o e Contabilidade (Anefac). Das seis linhas de cr\u00e9dito pesquisadas, como cheque especial e cart\u00e3o de cr\u00e9dito rotativo, todas ficaram mais caras. No caso do cart\u00e3o de cr\u00e9dito, houve uma eleva\u00e7\u00e3o de [&hellip;]<\/p>\n","protected":false},"author":4,"featured_media":6600,"comment_status":"closed","ping_status":"closed","sticky":false,"template":"","format":"standard","meta":{"footnotes":""},"categories":[26],"tags":[],"class_list":["post-10095","post","type-post","status-publish","format-standard","has-post-thumbnail","hentry","category-economia"],"_links":{"self":[{"href":"https:\/\/www.ocorreionews.com.br\/acervo-correio\/index.php?rest_route=\/wp\/v2\/posts\/10095","targetHints":{"allow":["GET"]}}],"collection":[{"href":"https:\/\/www.ocorreionews.com.br\/acervo-correio\/index.php?rest_route=\/wp\/v2\/posts"}],"about":[{"href":"https:\/\/www.ocorreionews.com.br\/acervo-correio\/index.php?rest_route=\/wp\/v2\/types\/post"}],"author":[{"embeddable":true,"href":"https:\/\/www.ocorreionews.com.br\/acervo-correio\/index.php?rest_route=\/wp\/v2\/users\/4"}],"replies":[{"embeddable":true,"href":"https:\/\/www.ocorreionews.com.br\/acervo-correio\/index.php?rest_route=%2Fwp%2Fv2%2Fcomments&post=10095"}],"version-history":[{"count":0,"href":"https:\/\/www.ocorreionews.com.br\/acervo-correio\/index.php?rest_route=\/wp\/v2\/posts\/10095\/revisions"}],"wp:featuredmedia":[{"embeddable":true,"href":"https:\/\/www.ocorreionews.com.br\/acervo-correio\/index.php?rest_route=\/wp\/v2\/media\/6600"}],"wp:attachment":[{"href":"https:\/\/www.ocorreionews.com.br\/acervo-correio\/index.php?rest_route=%2Fwp%2Fv2%2Fmedia&parent=10095"}],"wp:term":[{"taxonomy":"category","embeddable":true,"href":"https:\/\/www.ocorreionews.com.br\/acervo-correio\/index.php?rest_route=%2Fwp%2Fv2%2Fcategories&post=10095"},{"taxonomy":"post_tag","embeddable":true,"href":"https:\/\/www.ocorreionews.com.br\/acervo-correio\/index.php?rest_route=%2Fwp%2Fv2%2Ftags&post=10095"}],"curies":[{"name":"wp","href":"https:\/\/api.w.org\/{rel}","templated":true}]}}