{"id":10097,"date":"2015-09-14T09:08:54","date_gmt":"2015-09-14T13:08:54","guid":{"rendered":"https:\/\/ocorreionews.com.br\/?p=10097"},"modified":"2015-09-14T09:08:54","modified_gmt":"2015-09-14T13:08:54","slug":"vereadores-aprovam-doacao-ao-nucleo-de-combate-ao-cancer","status":"publish","type":"post","link":"https:\/\/www.ocorreionews.com.br\/acervo-correio\/?p=10097","title":{"rendered":"Vereadores aprovam doa\u00e7\u00e3o ao N\u00facleo de Combate ao C\u00e2ncer"},"content":{"rendered":"<p style=\"text-align: justify;\">Aprovado no \u00faltimo dia 08 de setembro, o Projeto de Lei N\u00ba 022\/2015, autoriza o munic\u00edpio de Chapad\u00e3o do C\u00e9u a conceder a doa\u00e7\u00e3o de R$ 10.000,00(dez mil reais) ao N\u00facleo de Volunt\u00e1rios de Combate ao C\u00e2ncer do munic\u00edpio.<\/p>\n<p style=\"text-align: justify;\">A referida doa\u00e7\u00e3o aprovada por unanimidade pelos vereadores tem como objetivo auxiliar a entidade que presta relevantes servi\u00e7os \u00e0 popula\u00e7\u00e3o e familiares que convivem com a doen\u00e7a e realizam tratamento no Hospital do C\u00e2ncer em Barretos.<\/p>\n<p style=\"text-align: justify;\">O N\u00facleo de Volunt\u00e1rios no Combate ao C\u00e2ncer de Chapad\u00e3o do C\u00e9u fornece a diversas fam\u00edlias do munic\u00edpio aux\u00edlio financeiro, psicol\u00f3gico e ajuda para aquisi\u00e7\u00e3o de medicamentos, mantendo suas atividades com os recursos financeiros obtidos com doa\u00e7\u00f5es e eventos, entre eles, a Festa do Milho, Ch\u00e1 Beneficente, entre outros.<\/p>\n<p style=\"text-align: justify;\">Assecom C\u00e2mara Municipal<\/p>\n","protected":false},"excerpt":{"rendered":"<p>Aprovado no \u00faltimo dia 08 de setembro, o Projeto de Lei N\u00ba 022\/2015, autoriza o munic\u00edpio de Chapad\u00e3o do C\u00e9u a conceder a doa\u00e7\u00e3o de R$ 10.000,00(dez mil reais) ao N\u00facleo de Volunt\u00e1rios de Combate ao C\u00e2ncer do munic\u00edpio. A referida doa\u00e7\u00e3o aprovada por unanimidade pelos vereadores tem como objetivo auxiliar a entidade que presta [&hellip;]<\/p>\n","protected":false},"author":4,"featured_media":10098,"comment_status":"closed","ping_status":"closed","sticky":false,"template":"","format":"standard","meta":{"footnotes":""},"categories":[22],"tags":[],"class_list":["post-10097","post","type-post","status-publish","format-standard","has-post-thumbnail","hentry","category-chapadao-do-ceu"],"_links":{"self":[{"href":"https:\/\/www.ocorreionews.com.br\/acervo-correio\/index.php?rest_route=\/wp\/v2\/posts\/10097","targetHints":{"allow":["GET"]}}],"collection":[{"href":"https:\/\/www.ocorreionews.com.br\/acervo-correio\/index.php?rest_route=\/wp\/v2\/posts"}],"about":[{"href":"https:\/\/www.ocorreionews.com.br\/acervo-correio\/index.php?rest_route=\/wp\/v2\/types\/post"}],"author":[{"embeddable":true,"href":"https:\/\/www.ocorreionews.com.br\/acervo-correio\/index.php?rest_route=\/wp\/v2\/users\/4"}],"replies":[{"embeddable":true,"href":"https:\/\/www.ocorreionews.com.br\/acervo-correio\/index.php?rest_route=%2Fwp%2Fv2%2Fcomments&post=10097"}],"version-history":[{"count":0,"href":"https:\/\/www.ocorreionews.com.br\/acervo-correio\/index.php?rest_route=\/wp\/v2\/posts\/10097\/revisions"}],"wp:featuredmedia":[{"embeddable":true,"href":"https:\/\/www.ocorreionews.com.br\/acervo-correio\/index.php?rest_route=\/wp\/v2\/media\/10098"}],"wp:attachment":[{"href":"https:\/\/www.ocorreionews.com.br\/acervo-correio\/index.php?rest_route=%2Fwp%2Fv2%2Fmedia&parent=10097"}],"wp:term":[{"taxonomy":"category","embeddable":true,"href":"https:\/\/www.ocorreionews.com.br\/acervo-correio\/index.php?rest_route=%2Fwp%2Fv2%2Fcategories&post=10097"},{"taxonomy":"post_tag","embeddable":true,"href":"https:\/\/www.ocorreionews.com.br\/acervo-correio\/index.php?rest_route=%2Fwp%2Fv2%2Ftags&post=10097"}],"curies":[{"name":"wp","href":"https:\/\/api.w.org\/{rel}","templated":true}]}}