{"id":10101,"date":"2015-09-14T09:09:55","date_gmt":"2015-09-14T13:09:55","guid":{"rendered":"https:\/\/ocorreionews.com.br\/?p=10101"},"modified":"2015-09-14T09:09:55","modified_gmt":"2015-09-14T13:09:55","slug":"vereador-gean-rubens-questiona-numeros-do-ibge","status":"publish","type":"post","link":"https:\/\/www.ocorreionews.com.br\/acervo-correio\/?p=10101","title":{"rendered":"Vereador Gean Rubens questiona n\u00fameros do IBGE"},"content":{"rendered":"<p style=\"text-align: justify;\">o Vereador Gean Rubens (PMDB), falou sobre o n\u00famero de habitantes de Chapad\u00e3o do C\u00e9u, que segundo estimativa do IBGE \u2013 Instituto Brasileiro de Geografia e Estat\u00edstica tem uma popula\u00e7\u00e3o estimada de 8589 habitantes, o \u00faltimo censo realizado em 2010 relatou que o munic\u00edpio na \u00e9poca tinha 7001 moradores.<\/p>\n<p style=\"text-align: justify;\">Discordando destes n\u00fameros e com o objetivo de aumentar a arrecada\u00e7\u00e3o do munic\u00edpio, o Vereador Gean Rubens juntamente com o Ver. Marcos Navarini e Walter Rosa estiveram recentemente reunidos com o Dep. Estadual Jos\u00e9 Nelto solicitando aux\u00edlio do parlamentar para interceder junto ao IBGE buscando uma recontagem da popula\u00e7\u00e3o.\u00a0 A solicita\u00e7\u00e3o teria como objetivo apresentar n\u00fameros atualizados junto ao Governo para aumento do FPM \u2013 Fundo de Participa\u00e7\u00e3o dos Munic\u00edpios.<\/p>\n<p style=\"text-align: justify;\">O Fundo de Participa\u00e7\u00e3o dos Munic\u00edpios \u00e9 uma transfer\u00eancia constitucional (CF, Art. 159, I, b), composto de 22,5% da arrecada\u00e7\u00e3o do Imposto de Renda e do Imposto sobre Produtos Industrializados. A distribui\u00e7\u00e3o dos recursos aos Munic\u00edpios \u00e9 feita de acordo o n\u00famero de habitantes. S\u00e3o fixadas faixas populacionais, cabendo a cada uma delas um coeficiente individual. O m\u00ednimo \u00e9 de 0,6 para Munic\u00edpios com at\u00e9 10.188 habitantes, acima desta faixa o \u00edndice passa a ser 0,8%, isso representaria um acr\u00e9scimo aproximado de 2,4 milh\u00f5es de reais anuais de arrecada\u00e7\u00e3o para Chapad\u00e3o do C\u00e9u.<\/p>\n<p style=\"text-align: justify;\">\u00a0\u201c\u00c9 opini\u00e3o unanime que hoje Chapad\u00e3o do C\u00e9u conta com mais de 10 mil habitantes, o problema \u00e9 que devido \u00e0 crise o governo est\u00e1 cortando despesas e segundo o Chefe do IBGE uma recontagem da popula\u00e7\u00e3o s\u00f3 vai ocorrer se for realizada em todo o pa\u00eds, isso \u00e9 invi\u00e1vel no momento\u201d Citou Gean.<\/p>\n<p style=\"text-align: justify;\">O Vereador Gean convocou as demais autoridades para continuar buscando esta recontagem da popula\u00e7\u00e3o que pode gerar um aumento significativo da arrecada\u00e7\u00e3o.<\/p>\n<p style=\"text-align: justify;\">Assecom C\u00e2mara Municipal<\/p>\n","protected":false},"excerpt":{"rendered":"<p>o Vereador Gean Rubens (PMDB), falou sobre o n\u00famero de habitantes de Chapad\u00e3o do C\u00e9u, que segundo estimativa do IBGE \u2013 Instituto Brasileiro de Geografia e Estat\u00edstica tem uma popula\u00e7\u00e3o estimada de 8589 habitantes, o \u00faltimo censo realizado em 2010 relatou que o munic\u00edpio na \u00e9poca tinha 7001 moradores. Discordando destes n\u00fameros e com o [&hellip;]<\/p>\n","protected":false},"author":4,"featured_media":2409,"comment_status":"closed","ping_status":"closed","sticky":false,"template":"","format":"standard","meta":{"footnotes":""},"categories":[22],"tags":[],"class_list":["post-10101","post","type-post","status-publish","format-standard","has-post-thumbnail","hentry","category-chapadao-do-ceu"],"_links":{"self":[{"href":"https:\/\/www.ocorreionews.com.br\/acervo-correio\/index.php?rest_route=\/wp\/v2\/posts\/10101","targetHints":{"allow":["GET"]}}],"collection":[{"href":"https:\/\/www.ocorreionews.com.br\/acervo-correio\/index.php?rest_route=\/wp\/v2\/posts"}],"about":[{"href":"https:\/\/www.ocorreionews.com.br\/acervo-correio\/index.php?rest_route=\/wp\/v2\/types\/post"}],"author":[{"embeddable":true,"href":"https:\/\/www.ocorreionews.com.br\/acervo-correio\/index.php?rest_route=\/wp\/v2\/users\/4"}],"replies":[{"embeddable":true,"href":"https:\/\/www.ocorreionews.com.br\/acervo-correio\/index.php?rest_route=%2Fwp%2Fv2%2Fcomments&post=10101"}],"version-history":[{"count":0,"href":"https:\/\/www.ocorreionews.com.br\/acervo-correio\/index.php?rest_route=\/wp\/v2\/posts\/10101\/revisions"}],"wp:featuredmedia":[{"embeddable":true,"href":"https:\/\/www.ocorreionews.com.br\/acervo-correio\/index.php?rest_route=\/wp\/v2\/media\/2409"}],"wp:attachment":[{"href":"https:\/\/www.ocorreionews.com.br\/acervo-correio\/index.php?rest_route=%2Fwp%2Fv2%2Fmedia&parent=10101"}],"wp:term":[{"taxonomy":"category","embeddable":true,"href":"https:\/\/www.ocorreionews.com.br\/acervo-correio\/index.php?rest_route=%2Fwp%2Fv2%2Fcategories&post=10101"},{"taxonomy":"post_tag","embeddable":true,"href":"https:\/\/www.ocorreionews.com.br\/acervo-correio\/index.php?rest_route=%2Fwp%2Fv2%2Ftags&post=10101"}],"curies":[{"name":"wp","href":"https:\/\/api.w.org\/{rel}","templated":true}]}}