{"id":10108,"date":"2015-09-14T09:16:08","date_gmt":"2015-09-14T13:16:08","guid":{"rendered":"https:\/\/ocorreionews.com.br\/?p=10108"},"modified":"2015-09-14T09:16:21","modified_gmt":"2015-09-14T13:16:21","slug":"abertura-do-pnaic-reune-servidores-municipais-da-educacao-em-paraiso-das-aguas","status":"publish","type":"post","link":"https:\/\/www.ocorreionews.com.br\/acervo-correio\/?p=10108","title":{"rendered":"Abertura do PNAIC re\u00fane servidores municipais da educa\u00e7\u00e3o em Para\u00edso das \u00c1guas"},"content":{"rendered":"<p>Aconteceu no 10 de setembro, na C\u00e2mara Municipal de Para\u00edso das \u00c1guas o Semin\u00e1rio de Abertura do Pacto Nacional pela Alfabetiza\u00e7\u00e3o na Idade Certa 2015(PNAIC),que tem como meta principal garantir que todas as crian\u00e7as estejam alfabetizados at\u00e9 os oito anos de idade , ao final do 3\u00ba ano do ensino fundamental.<\/p>\n<p>O Pacto possui quatro princ\u00edpios centrais considerados ao longo do desenvolvimento do trabalho pedag\u00f3gico que s\u00e3o: sistema de escrita alfab\u00e9tica, desenvolvimento das capacidades de leitura e de produ\u00e7\u00e3o de textos, conhecimentos oriundos das diferentes \u00e1reas, ludicidade e cuidado com as crian\u00e7as.<\/p>\n<p>\u201cFico feliz de Para\u00edso das \u00c1guas estar inserido no PNAIC e orgulhosa de ter professores compromissados com a educa\u00e7\u00e3o, que levam o trabalho a s\u00e9rio focando sempre em um aprendizado de qualidade para nossos alunos\u201d, mencionou a secret\u00e1ria municipal de educa\u00e7\u00e3o Ines dos Santos Pinho.<\/p>\n<p>Atualmente o Pacto Nacional de Alfabetiza\u00e7\u00e3o na Idade Certa na rede municipal de ensino em Para\u00edso das \u00c1guas abrange quatro unidades escolares, com 18 professores alfabetizadores cadastrados, contemplando aproximadamente 509 alunos.<\/p>\n<p>A professora M\u00e1rcia Melo, coordenadora local do Pacto, disse que a capacita\u00e7\u00e3o \u00e9 de suma import\u00e2ncia tanto para o professor quanto para o estudante, pois ambos se beneficiam dessa ferramenta de educa\u00e7\u00e3o.<\/p>\n<p>\u201cO Pacto Nacional pela Alfabetiza\u00e7\u00e3o na Idade Certa veio para somar com a educa\u00e7\u00e3o do munic\u00edpio, ele \u00e9 uma troca de ideias e de experi\u00eancias objetivando uma educa\u00e7\u00e3o cada vez melhor\u201d, comentou a coordenadora.<\/p>\n<p>Para a professora alfabetizadora M\u00e1rcia Fuhr levar o PNAIC a s\u00e9rio \u00e9 leva-lo para a sala de aula.<\/p>\n<p>\u201cColocar em pr\u00e1tica o que se aprende no curso \u00e9 essencial para uma educa\u00e7\u00e3o de qualidade. O trabalho \u00e9 \u00e1rduo, mas o resultado \u00e9 muito bom\u00a0 tanto para os professores quanto para os alunos\u201d, finalizou a professora.<\/p>\n<p>Durante o semin\u00e1rio houve a ministra\u00e7\u00e3o da palestra: alfabetiza\u00e7\u00e3o e letramento, perspectivas na alfabetiza\u00e7\u00e3o, com a professora M\u00e1rcia Vida e na sequencia \u00a0a palestra metodologia no ensino da matem\u00e1tica, com o professor Ricardo Cavazani.<\/p>\n<p>O Pacto Nacional pela Educa\u00e7\u00e3o na Idade Certa 2015, acontece at\u00e9 dezembro\u00a0 e os docentes ter\u00e3o curso de forma\u00e7\u00e3o de 160 horas.<\/p>\n<p>&nbsp;<\/p>\n<p>ASSECOM- Prefeitura Municipal de Para\u00edso das \u00c1guas- MS<\/p>\n","protected":false},"excerpt":{"rendered":"<p>Aconteceu no 10 de setembro, na C\u00e2mara Municipal de Para\u00edso das \u00c1guas o Semin\u00e1rio de Abertura do Pacto Nacional pela Alfabetiza\u00e7\u00e3o na Idade Certa 2015(PNAIC),que tem como meta principal garantir que todas as crian\u00e7as estejam alfabetizados at\u00e9 os oito anos de idade , ao final do 3\u00ba ano do ensino fundamental. O Pacto possui quatro [&hellip;]<\/p>\n","protected":false},"author":4,"featured_media":10109,"comment_status":"closed","ping_status":"closed","sticky":false,"template":"","format":"standard","meta":{"footnotes":""},"categories":[36],"tags":[],"class_list":["post-10108","post","type-post","status-publish","format-standard","has-post-thumbnail","hentry","category-paraiso-das-aguas"],"_links":{"self":[{"href":"https:\/\/www.ocorreionews.com.br\/acervo-correio\/index.php?rest_route=\/wp\/v2\/posts\/10108","targetHints":{"allow":["GET"]}}],"collection":[{"href":"https:\/\/www.ocorreionews.com.br\/acervo-correio\/index.php?rest_route=\/wp\/v2\/posts"}],"about":[{"href":"https:\/\/www.ocorreionews.com.br\/acervo-correio\/index.php?rest_route=\/wp\/v2\/types\/post"}],"author":[{"embeddable":true,"href":"https:\/\/www.ocorreionews.com.br\/acervo-correio\/index.php?rest_route=\/wp\/v2\/users\/4"}],"replies":[{"embeddable":true,"href":"https:\/\/www.ocorreionews.com.br\/acervo-correio\/index.php?rest_route=%2Fwp%2Fv2%2Fcomments&post=10108"}],"version-history":[{"count":0,"href":"https:\/\/www.ocorreionews.com.br\/acervo-correio\/index.php?rest_route=\/wp\/v2\/posts\/10108\/revisions"}],"wp:featuredmedia":[{"embeddable":true,"href":"https:\/\/www.ocorreionews.com.br\/acervo-correio\/index.php?rest_route=\/wp\/v2\/media\/10109"}],"wp:attachment":[{"href":"https:\/\/www.ocorreionews.com.br\/acervo-correio\/index.php?rest_route=%2Fwp%2Fv2%2Fmedia&parent=10108"}],"wp:term":[{"taxonomy":"category","embeddable":true,"href":"https:\/\/www.ocorreionews.com.br\/acervo-correio\/index.php?rest_route=%2Fwp%2Fv2%2Fcategories&post=10108"},{"taxonomy":"post_tag","embeddable":true,"href":"https:\/\/www.ocorreionews.com.br\/acervo-correio\/index.php?rest_route=%2Fwp%2Fv2%2Ftags&post=10108"}],"curies":[{"name":"wp","href":"https:\/\/api.w.org\/{rel}","templated":true}]}}