{"id":10115,"date":"2015-09-14T10:05:10","date_gmt":"2015-09-14T14:05:10","guid":{"rendered":"https:\/\/ocorreionews.com.br\/?p=10115"},"modified":"2015-09-14T10:05:10","modified_gmt":"2015-09-14T14:05:10","slug":"solenidade-de-dispensa-de-incorporacao-dos-alistados-na-jsm-acontecera-no-dia-22-de-outubro","status":"publish","type":"post","link":"https:\/\/www.ocorreionews.com.br\/acervo-correio\/?p=10115","title":{"rendered":"Solenidade de Dispensa de Incorpora\u00e7\u00e3o dos alistados na JSM acontecer\u00e1 no dia 22 de outubro"},"content":{"rendered":"<div class=\"div-texto\">\n<p>Dia 22 de outubro acontecer\u00e1 na Pra\u00e7a de Eventos \u00e1s 16h a solenidade de Dispensa de Incorpora\u00e7\u00e3o dos alistados na Junta Militar 168 no exerc\u00edcio de 2015, compreendido o per\u00edodo de refer\u00eancia de janeiro a dezembro deste ano.<\/p>\n<p>Est\u00e1 confirmada a presen\u00e7a do 47\u00ba Batalh\u00e3o de Infantaria (BI) da cidade de Coxim(MS) junto com o Tenente Coronel Alexandre Cavalcante Guimar\u00e3es. Ainda estar\u00e3o presentes dois pelot\u00f5es do ex\u00e9rcito de Coxim e um pelot\u00e3o da Banda do 47\u00b0 BI. A partir das 7h a Junta Militar recepcionar\u00e1 os alistados na sede, localizada no Terminal Rodovi\u00e1rio na Av. Quatro, n 230.<\/p>\n<p>No outro dia(23.10) data do anivers\u00e1rio da cidade ocorrer\u00e1 o Desfile C\u00edvico com apresenta\u00e7\u00e3o dos pelot\u00f5es e da banda militar, haver\u00e1 a participa\u00e7\u00e3o dos alunos das escolas municipais, estaduais e particulares, e demais autoridades.<\/p>\n<\/div>\n<p>&nbsp;<\/p>\n<p>Assecom &#8211; PMCS<\/p>\n","protected":false},"excerpt":{"rendered":"<p>Dia 22 de outubro acontecer\u00e1 na Pra\u00e7a de Eventos \u00e1s 16h a solenidade de Dispensa de Incorpora\u00e7\u00e3o dos alistados na Junta Militar 168 no exerc\u00edcio de 2015, compreendido o per\u00edodo de refer\u00eancia de janeiro a dezembro deste ano. Est\u00e1 confirmada a presen\u00e7a do 47\u00ba Batalh\u00e3o de Infantaria (BI) da cidade de Coxim(MS) junto com o [&hellip;]<\/p>\n","protected":false},"author":4,"featured_media":10116,"comment_status":"closed","ping_status":"closed","sticky":false,"template":"","format":"standard","meta":{"footnotes":""},"categories":[23],"tags":[],"class_list":["post-10115","post","type-post","status-publish","format-standard","has-post-thumbnail","hentry","category-chapadao-do-sul"],"_links":{"self":[{"href":"https:\/\/www.ocorreionews.com.br\/acervo-correio\/index.php?rest_route=\/wp\/v2\/posts\/10115","targetHints":{"allow":["GET"]}}],"collection":[{"href":"https:\/\/www.ocorreionews.com.br\/acervo-correio\/index.php?rest_route=\/wp\/v2\/posts"}],"about":[{"href":"https:\/\/www.ocorreionews.com.br\/acervo-correio\/index.php?rest_route=\/wp\/v2\/types\/post"}],"author":[{"embeddable":true,"href":"https:\/\/www.ocorreionews.com.br\/acervo-correio\/index.php?rest_route=\/wp\/v2\/users\/4"}],"replies":[{"embeddable":true,"href":"https:\/\/www.ocorreionews.com.br\/acervo-correio\/index.php?rest_route=%2Fwp%2Fv2%2Fcomments&post=10115"}],"version-history":[{"count":0,"href":"https:\/\/www.ocorreionews.com.br\/acervo-correio\/index.php?rest_route=\/wp\/v2\/posts\/10115\/revisions"}],"wp:featuredmedia":[{"embeddable":true,"href":"https:\/\/www.ocorreionews.com.br\/acervo-correio\/index.php?rest_route=\/wp\/v2\/media\/10116"}],"wp:attachment":[{"href":"https:\/\/www.ocorreionews.com.br\/acervo-correio\/index.php?rest_route=%2Fwp%2Fv2%2Fmedia&parent=10115"}],"wp:term":[{"taxonomy":"category","embeddable":true,"href":"https:\/\/www.ocorreionews.com.br\/acervo-correio\/index.php?rest_route=%2Fwp%2Fv2%2Fcategories&post=10115"},{"taxonomy":"post_tag","embeddable":true,"href":"https:\/\/www.ocorreionews.com.br\/acervo-correio\/index.php?rest_route=%2Fwp%2Fv2%2Ftags&post=10115"}],"curies":[{"name":"wp","href":"https:\/\/api.w.org\/{rel}","templated":true}]}}