{"id":10119,"date":"2015-09-14T10:59:11","date_gmt":"2015-09-14T14:59:11","guid":{"rendered":"https:\/\/ocorreionews.com.br\/?p=10119"},"modified":"2015-09-14T14:45:51","modified_gmt":"2015-09-14T18:45:51","slug":"vereadores-participam-de-circuito-de-desenvolvimento-da-triplice-fronteira","status":"publish","type":"post","link":"https:\/\/www.ocorreionews.com.br\/acervo-correio\/?p=10119","title":{"rendered":"Vereadores participam de Circuito de desenvolvimento da Tr\u00edplice Fronteira"},"content":{"rendered":"<p>No \u00faltimo s\u00e1bado (12) os vereadores Abel Lemes, Al\u00edrio Bacca, Rosemari Cruz, Sonia Maran e Wagner In\u00e1cio estiveram na vizinha cidade de Costa Rica participando do 1\u00ba Circuito de Desenvolvimento da Tr\u00edplice Fronteira.<\/p>\n<p>&nbsp;<\/p>\n<p>O evento que contou com a participa\u00e7\u00e3o de in\u00fameras autoridades de tr\u00eas estados, MS, MT e GO, teve como objetivo o fortalecimento da fronteira como centro comercial integrado para os tr\u00eas estados. A import\u00e2ncia do evento foi t\u00e3o grande que um dos palestrantes foi o Senador Ronaldo Caiado que em sua palestra enalteceu as cidades do entorno como forte centro produtivo do Centro Oeste.<\/p>\n<p>&nbsp;<\/p>\n<p>O Prefeito de Costa Rica, Waldeli dos Santos Rosa, que tamb\u00e9m \u00e9 economista fez uma breve an\u00e1lise da produ\u00e7\u00e3o do agroneg\u00f3cio da regi\u00e3o em um raio de 100km no entorno da fronteira e afirmou que hoje a regi\u00e3o \u00e9 hoje um das mais ricas do pa\u00eds em produ\u00e7\u00e3o e que com mais investimentos poderia se potencializar ainda mais.<\/p>\n<p>&nbsp;<\/p>\n<p>O Pecuarista Rubens Catenacci, que tamb\u00e9m palestrou no evento e hoje \u00e9 um dos maiores criadores de gado da regi\u00e3o, ressaltou da import\u00e2ncia da uni\u00e3o dos munic\u00edpios do entorno para se conquistar ainda mais crescimento e fortalecimento financeiro para todos os munic\u00edpios.<\/p>\n<p>&nbsp;<\/p>\n<p>A presidente do Legislativo de Chapad\u00e3o do Sul Sonia Maran, elogiou a realiza\u00e7\u00e3o do evento que foi promovido pela C\u00e2mara da Costa Rica e demonstrou total apoio a iniciativa que veio para beneficiar ainda mais a regi\u00e3o, Segundo ela, o evento promovido pela c\u00e2mara e apoiado pelo executivo daquela cidade, mostra os benef\u00edcios da harmonia entre os dos poderes.<\/p>\n<p>&nbsp;<\/p>\n<p>Sonia ainda comentou a palestra do Prefeito Waldeli, onde o mesmo citou que por muitos anos a regi\u00e3o recebeu v\u00e1rios investimentos como a esta\u00e7\u00e3o ferrovi\u00e1ria, terminal da Petrobr\u00e1s, entre outros, e que agora \u00e9 o momento de Costa Rica come\u00e7ar a se projetar no setor industrial usufruindo destes benef\u00edcios da regi\u00e3o para se consolidar como forte polo comercial.<\/p>\n<p>&nbsp;<\/p>\n<p><a href=\"http:\/\/www.camarachapadaodosul.ms.gov.br\/index.php\/galeria-de-fotos\/2011\" target=\"_blank\">CLIQUE AQUI E VEJA MAIS FOTOS!\u00a0<\/a><\/p>\n<p>&nbsp;<\/p>\n<p>&nbsp;<\/p>\n<p>&nbsp;<\/p>\n<p>Assessoria C\u00e2mara<\/p>\n","protected":false},"excerpt":{"rendered":"<p>No \u00faltimo s\u00e1bado (12) os vereadores Abel Lemes, Al\u00edrio Bacca, Rosemari Cruz, Sonia Maran e Wagner In\u00e1cio estiveram na vizinha cidade de Costa Rica participando do 1\u00ba Circuito de Desenvolvimento da Tr\u00edplice Fronteira. &nbsp; O evento que contou com a participa\u00e7\u00e3o de in\u00fameras autoridades de tr\u00eas estados, MS, MT e GO, teve como objetivo o [&hellip;]<\/p>\n","protected":false},"author":4,"featured_media":10120,"comment_status":"closed","ping_status":"closed","sticky":false,"template":"","format":"standard","meta":{"footnotes":""},"categories":[20,23],"tags":[],"class_list":["post-10119","post","type-post","status-publish","format-standard","has-post-thumbnail","hentry","category-camara-municipal","category-chapadao-do-sul"],"_links":{"self":[{"href":"https:\/\/www.ocorreionews.com.br\/acervo-correio\/index.php?rest_route=\/wp\/v2\/posts\/10119","targetHints":{"allow":["GET"]}}],"collection":[{"href":"https:\/\/www.ocorreionews.com.br\/acervo-correio\/index.php?rest_route=\/wp\/v2\/posts"}],"about":[{"href":"https:\/\/www.ocorreionews.com.br\/acervo-correio\/index.php?rest_route=\/wp\/v2\/types\/post"}],"author":[{"embeddable":true,"href":"https:\/\/www.ocorreionews.com.br\/acervo-correio\/index.php?rest_route=\/wp\/v2\/users\/4"}],"replies":[{"embeddable":true,"href":"https:\/\/www.ocorreionews.com.br\/acervo-correio\/index.php?rest_route=%2Fwp%2Fv2%2Fcomments&post=10119"}],"version-history":[{"count":0,"href":"https:\/\/www.ocorreionews.com.br\/acervo-correio\/index.php?rest_route=\/wp\/v2\/posts\/10119\/revisions"}],"wp:featuredmedia":[{"embeddable":true,"href":"https:\/\/www.ocorreionews.com.br\/acervo-correio\/index.php?rest_route=\/wp\/v2\/media\/10120"}],"wp:attachment":[{"href":"https:\/\/www.ocorreionews.com.br\/acervo-correio\/index.php?rest_route=%2Fwp%2Fv2%2Fmedia&parent=10119"}],"wp:term":[{"taxonomy":"category","embeddable":true,"href":"https:\/\/www.ocorreionews.com.br\/acervo-correio\/index.php?rest_route=%2Fwp%2Fv2%2Fcategories&post=10119"},{"taxonomy":"post_tag","embeddable":true,"href":"https:\/\/www.ocorreionews.com.br\/acervo-correio\/index.php?rest_route=%2Fwp%2Fv2%2Ftags&post=10119"}],"curies":[{"name":"wp","href":"https:\/\/api.w.org\/{rel}","templated":true}]}}