{"id":10122,"date":"2015-09-14T11:00:49","date_gmt":"2015-09-14T15:00:49","guid":{"rendered":"https:\/\/ocorreionews.com.br\/?p=10122"},"modified":"2015-09-14T11:00:49","modified_gmt":"2015-09-14T15:00:49","slug":"comunicado-sessao-no-ctg-sera-as-18h30m","status":"publish","type":"post","link":"https:\/\/www.ocorreionews.com.br\/acervo-correio\/?p=10122","title":{"rendered":"COMUNICADO: Sess\u00e3o no CTG Ser\u00e1 as 18h30m"},"content":{"rendered":"<p><span class=\"content-unnoticias\">A C\u00e2mara Municipal Informa que a Sess\u00e3o Ordin\u00e1ria de n\u00famero 1076 desta segunda-feira (14) ser\u00e1 realizada 30 minutos mais cedo do que o normal, as 18h30m. A sess\u00e3o ser\u00e1 realizada no CTG em homenagem as comemora\u00e7\u00f5es da Semana Farroupilha.<\/span><\/p>\n<p>&nbsp;<\/p>\n<p>&nbsp;<\/p>\n<p>&nbsp;<\/p>\n<p>Assessoria<\/p>\n","protected":false},"excerpt":{"rendered":"<p>A C\u00e2mara Municipal Informa que a Sess\u00e3o Ordin\u00e1ria de n\u00famero 1076 desta segunda-feira (14) ser\u00e1 realizada 30 minutos mais cedo do que o normal, as 18h30m. A sess\u00e3o ser\u00e1 realizada no CTG em homenagem as comemora\u00e7\u00f5es da Semana Farroupilha. &nbsp; &nbsp; &nbsp; Assessoria<\/p>\n","protected":false},"author":4,"featured_media":10123,"comment_status":"closed","ping_status":"closed","sticky":false,"template":"","format":"standard","meta":{"footnotes":""},"categories":[20],"tags":[],"class_list":["post-10122","post","type-post","status-publish","format-standard","has-post-thumbnail","hentry","category-camara-municipal"],"_links":{"self":[{"href":"https:\/\/www.ocorreionews.com.br\/acervo-correio\/index.php?rest_route=\/wp\/v2\/posts\/10122","targetHints":{"allow":["GET"]}}],"collection":[{"href":"https:\/\/www.ocorreionews.com.br\/acervo-correio\/index.php?rest_route=\/wp\/v2\/posts"}],"about":[{"href":"https:\/\/www.ocorreionews.com.br\/acervo-correio\/index.php?rest_route=\/wp\/v2\/types\/post"}],"author":[{"embeddable":true,"href":"https:\/\/www.ocorreionews.com.br\/acervo-correio\/index.php?rest_route=\/wp\/v2\/users\/4"}],"replies":[{"embeddable":true,"href":"https:\/\/www.ocorreionews.com.br\/acervo-correio\/index.php?rest_route=%2Fwp%2Fv2%2Fcomments&post=10122"}],"version-history":[{"count":0,"href":"https:\/\/www.ocorreionews.com.br\/acervo-correio\/index.php?rest_route=\/wp\/v2\/posts\/10122\/revisions"}],"wp:featuredmedia":[{"embeddable":true,"href":"https:\/\/www.ocorreionews.com.br\/acervo-correio\/index.php?rest_route=\/wp\/v2\/media\/10123"}],"wp:attachment":[{"href":"https:\/\/www.ocorreionews.com.br\/acervo-correio\/index.php?rest_route=%2Fwp%2Fv2%2Fmedia&parent=10122"}],"wp:term":[{"taxonomy":"category","embeddable":true,"href":"https:\/\/www.ocorreionews.com.br\/acervo-correio\/index.php?rest_route=%2Fwp%2Fv2%2Fcategories&post=10122"},{"taxonomy":"post_tag","embeddable":true,"href":"https:\/\/www.ocorreionews.com.br\/acervo-correio\/index.php?rest_route=%2Fwp%2Fv2%2Ftags&post=10122"}],"curies":[{"name":"wp","href":"https:\/\/api.w.org\/{rel}","templated":true}]}}