{"id":10162,"date":"2015-09-15T09:18:15","date_gmt":"2015-09-15T13:18:15","guid":{"rendered":"https:\/\/ocorreionews.com.br\/?p=10162"},"modified":"2015-09-15T09:18:15","modified_gmt":"2015-09-15T13:18:15","slug":"governo-anuncia-corte-de-r-26-bi-volta-da-cpmf-e-suspensao-de-reajuste","status":"publish","type":"post","link":"https:\/\/www.ocorreionews.com.br\/acervo-correio\/?p=10162","title":{"rendered":"Governo anuncia corte de R$ 26 bi, volta da CPMF e suspens\u00e3o de reajuste"},"content":{"rendered":"<div>O governo federal anuncio que pretende congelar o reajuste dos servidores p\u00fablicos e suspender a realiza\u00e7\u00e3o de concursos, em um esfor\u00e7o para atingir a economia prometida para o Or\u00e7amento de 2016. O corte no Or\u00e7amento de 2016 ser\u00e1 de R$ 26 bilh\u00f5es, segundo an\u00fancio feito pelos ministros do Planejamento, Nelson Barbosa, e da Fazenda, Joaquim Levy.<\/div>\n<div><\/div>\n<div>O objetivo dos cortes \u00e9 viabilizar super\u00e1vit prim\u00e1rio (economia para pagar os juros da d\u00edvida) de 0,7% do Produto Interno Bruto (PIB, soma dos bens e riquezas produzidos em um pa\u00eds) no ano que vem.<\/div>\n<div><\/div>\n<div>O governo pretende criar um tributo nos moldes da Contribui\u00e7\u00e3o Provis\u00f3ria sobre Movimenta\u00e7\u00e3o Financeira (CPMF), com al\u00edquota de 0,2%. O objetivo \u00e9 arrecadar R$ 32 bilh\u00f5es.<\/div>\n<div><\/div>\n<div>\u00a0De acordo com o ministro do Planejamento, Nelson Barbosa, o governo est\u00e1 propondo que o reajuste dos servidores passe a valer somente em agosto do ano que vem e n\u00e3o em janeiro, conforme o usual.<\/div>\n<div><\/div>\n<div>Segundo o ministro, a medida vai gerar redu\u00e7\u00e3o de R$ 7 bilh\u00f5es nos gastos do Or\u00e7amento de 2016. A proposta depende de negocia\u00e7\u00e3o com os servidores e o envio de um projeto de lei ao Congresso Nacional.<\/div>\n<div><\/div>\n<div>Mais R$ 1,5 bilh\u00e3o ser\u00e1 poupado pelo governo na forma da suspens\u00e3o de concursos p\u00fablicos. Barbosa informou que a medida ser\u00e1 implementada por meio de uma altera\u00e7\u00e3o na Lei de Diretrizes Or\u00e7ament\u00e1rias, em discuss\u00e3o no Congresso.<\/div>\n<div><\/div>\n<div>Os an\u00fancios fazem parte de um conjunto de nove medidas que o governo anunciou nesta tarde para reduzir os gastos. Outras propostas ainda ser\u00e3o apresentadas pelo ministro da Fazenda, Joaquim Levy, a fim de aumentar as receitas da Uni\u00e3o. A meta \u00e9 obter redu\u00e7\u00e3o e aumento de receita de R$ 64,9 bilh\u00f5es.<\/div>\n<div><\/div>\n<div>As medidas foram anunciadas com o objetivo de atingir super\u00e1vit prim\u00e1rio de 0,7% do PIB Produto Interno Bruto (PIB, soma dos bens e riquezas produzidos em um pa\u00eds), na tentativa de recuperar credibilidade junto aos investidores internacionais.<\/div>\n<div><\/div>\n<div>Em 31 de agosto, o Executivo entregou ao Congresso Nacional a proposta or\u00e7ament\u00e1ria para 2016 com previs\u00e3o de d\u00e9ficit de R$ 30,5 bilh\u00f5es. Uma semana depois, a ag\u00eancia de classifica\u00e7\u00e3o de risco Standard &amp; Poor&#8217;s rebaixou a nota de cr\u00e9dito do Brasil de BBB- para BB+, retirando o grau de investimento do pa\u00eds. O grau \u00e9 dado a pa\u00edses considerados bons pagadores e seguros para investir.<\/div>\n","protected":false},"excerpt":{"rendered":"<p>O governo federal anuncio que pretende congelar o reajuste dos servidores p\u00fablicos e suspender a realiza\u00e7\u00e3o de concursos, em um esfor\u00e7o para atingir a economia prometida para o Or\u00e7amento de 2016. O corte no Or\u00e7amento de 2016 ser\u00e1 de R$ 26 bilh\u00f5es, segundo an\u00fancio feito pelos ministros do Planejamento, Nelson Barbosa, e da Fazenda, Joaquim [&hellip;]<\/p>\n","protected":false},"author":4,"featured_media":6563,"comment_status":"closed","ping_status":"closed","sticky":false,"template":"","format":"standard","meta":{"footnotes":""},"categories":[26],"tags":[],"class_list":["post-10162","post","type-post","status-publish","format-standard","has-post-thumbnail","hentry","category-economia"],"_links":{"self":[{"href":"https:\/\/www.ocorreionews.com.br\/acervo-correio\/index.php?rest_route=\/wp\/v2\/posts\/10162","targetHints":{"allow":["GET"]}}],"collection":[{"href":"https:\/\/www.ocorreionews.com.br\/acervo-correio\/index.php?rest_route=\/wp\/v2\/posts"}],"about":[{"href":"https:\/\/www.ocorreionews.com.br\/acervo-correio\/index.php?rest_route=\/wp\/v2\/types\/post"}],"author":[{"embeddable":true,"href":"https:\/\/www.ocorreionews.com.br\/acervo-correio\/index.php?rest_route=\/wp\/v2\/users\/4"}],"replies":[{"embeddable":true,"href":"https:\/\/www.ocorreionews.com.br\/acervo-correio\/index.php?rest_route=%2Fwp%2Fv2%2Fcomments&post=10162"}],"version-history":[{"count":0,"href":"https:\/\/www.ocorreionews.com.br\/acervo-correio\/index.php?rest_route=\/wp\/v2\/posts\/10162\/revisions"}],"wp:featuredmedia":[{"embeddable":true,"href":"https:\/\/www.ocorreionews.com.br\/acervo-correio\/index.php?rest_route=\/wp\/v2\/media\/6563"}],"wp:attachment":[{"href":"https:\/\/www.ocorreionews.com.br\/acervo-correio\/index.php?rest_route=%2Fwp%2Fv2%2Fmedia&parent=10162"}],"wp:term":[{"taxonomy":"category","embeddable":true,"href":"https:\/\/www.ocorreionews.com.br\/acervo-correio\/index.php?rest_route=%2Fwp%2Fv2%2Fcategories&post=10162"},{"taxonomy":"post_tag","embeddable":true,"href":"https:\/\/www.ocorreionews.com.br\/acervo-correio\/index.php?rest_route=%2Fwp%2Fv2%2Ftags&post=10162"}],"curies":[{"name":"wp","href":"https:\/\/api.w.org\/{rel}","templated":true}]}}