{"id":10177,"date":"2015-09-15T12:48:29","date_gmt":"2015-09-15T16:48:29","guid":{"rendered":"https:\/\/ocorreionews.com.br\/?p=10177"},"modified":"2015-09-15T13:33:45","modified_gmt":"2015-09-15T17:33:45","slug":"ex-deputado-federal-oscar-goldoni-foi-assassinado-em-ponta-pora","status":"publish","type":"post","link":"https:\/\/www.ocorreionews.com.br\/acervo-correio\/?p=10177","title":{"rendered":"Ex-deputado federal  Oscar Goldoni foi assassinado em Ponta Por\u00e3 &#8211;"},"content":{"rendered":"<p>Foi assassinado na manh\u00e3 desta ter\u00e7a-feira (15) em Ponta Por\u00e3, o ex-prefeito do munic\u00edpio, Oscar Goldoni. Ele acabou atingido com v\u00e1rios disparos de fuzil e pistola 9mm, ao sair do seu ve\u00edculo.<\/p>\n<p>Ainda n\u00e3o h\u00e1 informa\u00e7\u00f5es de quem teria cometido o crime e nem os motivos. Dados preliminares apontam que o crime ocorreu no Detran da cidade que faz fronteira com o Paraguai.<\/p>\n<p><a href=\"https:\/\/ocorreionews.com.br\/wp-content\/uploads\/2015\/09\/oscar2.jpg\"><img loading=\"lazy\" decoding=\"async\" class=\"alignnone size-full wp-image-10178\" src=\"https:\/\/ocorreionews.com.br\/wp-content\/uploads\/2015\/09\/oscar2.jpg\" alt=\"oscar2\" width=\"400\" height=\"533\" srcset=\"https:\/\/www.ocorreionews.com.br\/acervo-correio\/wp-content\/uploads\/2015\/09\/oscar2.jpg 400w, https:\/\/www.ocorreionews.com.br\/acervo-correio\/wp-content\/uploads\/2015\/09\/oscar2-225x300.jpg 225w\" sizes=\"auto, (max-width: 400px) 100vw, 400px\" \/><\/a><\/p>\n<p>Ele foi assassinado quando subia em sua Toyota Hilux. Oscar Goldoni foi prefeito de Ponta Por\u00e3 e deputado federal e estadual e se candidatou por uma vaga na assembleia no ano passado pelo PDT, por\u00e9m, ficou de fora.<\/p>\n<p>&nbsp;<\/p>\n<figure id=\"attachment_10179\" aria-describedby=\"caption-attachment-10179\" style=\"width: 607px\" class=\"wp-caption alignnone\"><a href=\"https:\/\/ocorreionews.com.br\/wp-content\/uploads\/2015\/09\/oscar3.jpg\"><img loading=\"lazy\" decoding=\"async\" class=\"wp-image-10179 \" src=\"https:\/\/ocorreionews.com.br\/wp-content\/uploads\/2015\/09\/oscar3.jpg\" alt=\"oscar3\" width=\"607\" height=\"341\" srcset=\"https:\/\/www.ocorreionews.com.br\/acervo-correio\/wp-content\/uploads\/2015\/09\/oscar3.jpg 960w, https:\/\/www.ocorreionews.com.br\/acervo-correio\/wp-content\/uploads\/2015\/09\/oscar3-300x168.jpg 300w\" sizes=\"auto, (max-width: 607px) 100vw, 607px\" \/><\/a><figcaption id=\"caption-attachment-10179\" class=\"wp-caption-text\">fotos enviadas pelo WhatsApp<\/figcaption><\/figure>\n<p>Dentro de instantes mais informa\u00e7\u00f5es<\/p>\n<p>&nbsp;<\/p>\n<p>douradosnews<\/p>\n","protected":false},"excerpt":{"rendered":"<p>Foi assassinado na manh\u00e3 desta ter\u00e7a-feira (15) em Ponta Por\u00e3, o ex-prefeito do munic\u00edpio, Oscar Goldoni. Ele acabou atingido com v\u00e1rios disparos de fuzil e pistola 9mm, ao sair do seu ve\u00edculo. Ainda n\u00e3o h\u00e1 informa\u00e7\u00f5es de quem teria cometido o crime e nem os motivos. Dados preliminares apontam que o crime ocorreu no Detran [&hellip;]<\/p>\n","protected":false},"author":4,"featured_media":10185,"comment_status":"closed","ping_status":"closed","sticky":false,"template":"","format":"standard","meta":{"footnotes":""},"categories":[38],"tags":[],"class_list":["post-10177","post","type-post","status-publish","format-standard","has-post-thumbnail","hentry","category-policia"],"_links":{"self":[{"href":"https:\/\/www.ocorreionews.com.br\/acervo-correio\/index.php?rest_route=\/wp\/v2\/posts\/10177","targetHints":{"allow":["GET"]}}],"collection":[{"href":"https:\/\/www.ocorreionews.com.br\/acervo-correio\/index.php?rest_route=\/wp\/v2\/posts"}],"about":[{"href":"https:\/\/www.ocorreionews.com.br\/acervo-correio\/index.php?rest_route=\/wp\/v2\/types\/post"}],"author":[{"embeddable":true,"href":"https:\/\/www.ocorreionews.com.br\/acervo-correio\/index.php?rest_route=\/wp\/v2\/users\/4"}],"replies":[{"embeddable":true,"href":"https:\/\/www.ocorreionews.com.br\/acervo-correio\/index.php?rest_route=%2Fwp%2Fv2%2Fcomments&post=10177"}],"version-history":[{"count":0,"href":"https:\/\/www.ocorreionews.com.br\/acervo-correio\/index.php?rest_route=\/wp\/v2\/posts\/10177\/revisions"}],"wp:featuredmedia":[{"embeddable":true,"href":"https:\/\/www.ocorreionews.com.br\/acervo-correio\/index.php?rest_route=\/wp\/v2\/media\/10185"}],"wp:attachment":[{"href":"https:\/\/www.ocorreionews.com.br\/acervo-correio\/index.php?rest_route=%2Fwp%2Fv2%2Fmedia&parent=10177"}],"wp:term":[{"taxonomy":"category","embeddable":true,"href":"https:\/\/www.ocorreionews.com.br\/acervo-correio\/index.php?rest_route=%2Fwp%2Fv2%2Fcategories&post=10177"},{"taxonomy":"post_tag","embeddable":true,"href":"https:\/\/www.ocorreionews.com.br\/acervo-correio\/index.php?rest_route=%2Fwp%2Fv2%2Ftags&post=10177"}],"curies":[{"name":"wp","href":"https:\/\/api.w.org\/{rel}","templated":true}]}}