{"id":10197,"date":"2015-09-15T13:41:13","date_gmt":"2015-09-15T17:41:13","guid":{"rendered":"https:\/\/ocorreionews.com.br\/?p=10197"},"modified":"2015-09-15T13:41:13","modified_gmt":"2015-09-15T17:41:13","slug":"espetaculo-teatral-picadeira-da-alegria-deve-animar-a-criancada-no-ginasio-municipal","status":"publish","type":"post","link":"https:\/\/www.ocorreionews.com.br\/acervo-correio\/?p=10197","title":{"rendered":"Espet\u00e1culo Teatral: Picadeira da Alegria deve animar a crian\u00e7ada no Gin\u00e1sio Municipal"},"content":{"rendered":"<p>Vem ai o Espet\u00e1culo teatral: Picadeira da Alegria ser\u00e1 apresentado no Gin\u00e1sio Municipal, nos dias 17 e 18 de setembro, \u00e1 partir das 9h. O evento tem como objetivo aproximar e gerar o gosto pela cultura dos alunos do munic\u00edpio e \u00e9 um provimento da Secretaria de Esporte e Cultura e Secretaria de Educa\u00e7\u00e3o junto com a Prefeitura Municipal.<\/p>\n<p>Dentre as atra\u00e7\u00f5es tamb\u00e9m haver\u00e1 apresenta\u00e7\u00f5es circenses com perna de pau, monociclismo, malabarismo, pirofagia, al\u00e9m de musicas e brincadeiras. Muita divers\u00e3o e alegria pretende contagiar a crian\u00e7ada nesta quinta e sexta.<\/p>\n<p>&nbsp;<\/p>\n<p>&nbsp;<\/p>\n<p>&nbsp;<\/p>\n<p>Renata Silveira<\/p>\n","protected":false},"excerpt":{"rendered":"<p>Vem ai o Espet\u00e1culo teatral: Picadeira da Alegria ser\u00e1 apresentado no Gin\u00e1sio Municipal, nos dias 17 e 18 de setembro, \u00e1 partir das 9h. O evento tem como objetivo aproximar e gerar o gosto pela cultura dos alunos do munic\u00edpio e \u00e9 um provimento da Secretaria de Esporte e Cultura e Secretaria de Educa\u00e7\u00e3o junto [&hellip;]<\/p>\n","protected":false},"author":4,"featured_media":10199,"comment_status":"closed","ping_status":"closed","sticky":false,"template":"","format":"standard","meta":{"footnotes":""},"categories":[23],"tags":[],"class_list":["post-10197","post","type-post","status-publish","format-standard","has-post-thumbnail","hentry","category-chapadao-do-sul"],"_links":{"self":[{"href":"https:\/\/www.ocorreionews.com.br\/acervo-correio\/index.php?rest_route=\/wp\/v2\/posts\/10197","targetHints":{"allow":["GET"]}}],"collection":[{"href":"https:\/\/www.ocorreionews.com.br\/acervo-correio\/index.php?rest_route=\/wp\/v2\/posts"}],"about":[{"href":"https:\/\/www.ocorreionews.com.br\/acervo-correio\/index.php?rest_route=\/wp\/v2\/types\/post"}],"author":[{"embeddable":true,"href":"https:\/\/www.ocorreionews.com.br\/acervo-correio\/index.php?rest_route=\/wp\/v2\/users\/4"}],"replies":[{"embeddable":true,"href":"https:\/\/www.ocorreionews.com.br\/acervo-correio\/index.php?rest_route=%2Fwp%2Fv2%2Fcomments&post=10197"}],"version-history":[{"count":0,"href":"https:\/\/www.ocorreionews.com.br\/acervo-correio\/index.php?rest_route=\/wp\/v2\/posts\/10197\/revisions"}],"wp:featuredmedia":[{"embeddable":true,"href":"https:\/\/www.ocorreionews.com.br\/acervo-correio\/index.php?rest_route=\/wp\/v2\/media\/10199"}],"wp:attachment":[{"href":"https:\/\/www.ocorreionews.com.br\/acervo-correio\/index.php?rest_route=%2Fwp%2Fv2%2Fmedia&parent=10197"}],"wp:term":[{"taxonomy":"category","embeddable":true,"href":"https:\/\/www.ocorreionews.com.br\/acervo-correio\/index.php?rest_route=%2Fwp%2Fv2%2Fcategories&post=10197"},{"taxonomy":"post_tag","embeddable":true,"href":"https:\/\/www.ocorreionews.com.br\/acervo-correio\/index.php?rest_route=%2Fwp%2Fv2%2Ftags&post=10197"}],"curies":[{"name":"wp","href":"https:\/\/api.w.org\/{rel}","templated":true}]}}