{"id":10201,"date":"2015-09-15T13:55:58","date_gmt":"2015-09-15T17:55:58","guid":{"rendered":"https:\/\/ocorreionews.com.br\/?p=10201"},"modified":"2015-09-15T13:55:58","modified_gmt":"2015-09-15T17:55:58","slug":"condutor-bebado-e-preso-depois-de-dar-cavalo-de-pau-e-capotar-veiculo","status":"publish","type":"post","link":"https:\/\/www.ocorreionews.com.br\/acervo-correio\/?p=10201","title":{"rendered":"Condutor b\u00eabado \u00e9 preso depois de dar &#8221;cavalo de pau&#8221; e capotar ve\u00edculo"},"content":{"rendered":"<p>Embriagado, um homem de 31 anos foi preso depois de capotar o ve\u00edculo Astra que conduzia em S\u00e3o Gabriel do Oeste, na manh\u00e3 desta ter\u00e7a-feira (15). O fato aconteceu por volta das 06h40min, na avenida Primo Maffissoni, loteamento Jardim Alvorada.<\/p>\n<p>Segundo a Pol\u00edcia Militar, testemunhas acionaram a guarni\u00e7\u00e3o, pois um Astra realizava manobras perigosas no local. Ao chegar no loteamento, os militares constataram as marcas das manobras, como &#8220;cavalo\u00a0de\u00a0pau&#8221;, e o ve\u00edculo capotado.<\/p>\n<p>De acordo com o site Idest, ao abordar o motorista, os policiais j\u00e1 perceberam a euforia e o odor et\u00edlico do motorista, que ao ser submetido ao teste do baf\u00f4metro, constatou 0,92 miligramas de \u00e1lcool por litro de ar expelido dos pulm\u00f5es.<\/p>\n<p>O condutor foi preso e encaminhado para Delegacia de Pol\u00edcia Civil. J\u00e1 o Astra, placas de Jaru (RO), sofreu v\u00e1rios danos, sendo guinchado para o p\u00e1tio do Detran local.<\/p>\n<p>&nbsp;<\/p>\n<p>&nbsp;<\/p>\n<p>Correio do Estado<\/p>\n","protected":false},"excerpt":{"rendered":"<p>Embriagado, um homem de 31 anos foi preso depois de capotar o ve\u00edculo Astra que conduzia em S\u00e3o Gabriel do Oeste, na manh\u00e3 desta ter\u00e7a-feira (15). O fato aconteceu por volta das 06h40min, na avenida Primo Maffissoni, loteamento Jardim Alvorada. Segundo a Pol\u00edcia Militar, testemunhas acionaram a guarni\u00e7\u00e3o, pois um Astra realizava manobras perigosas no [&hellip;]<\/p>\n","protected":false},"author":4,"featured_media":10202,"comment_status":"closed","ping_status":"closed","sticky":false,"template":"","format":"standard","meta":{"footnotes":""},"categories":[38],"tags":[],"class_list":["post-10201","post","type-post","status-publish","format-standard","has-post-thumbnail","hentry","category-policia"],"_links":{"self":[{"href":"https:\/\/www.ocorreionews.com.br\/acervo-correio\/index.php?rest_route=\/wp\/v2\/posts\/10201","targetHints":{"allow":["GET"]}}],"collection":[{"href":"https:\/\/www.ocorreionews.com.br\/acervo-correio\/index.php?rest_route=\/wp\/v2\/posts"}],"about":[{"href":"https:\/\/www.ocorreionews.com.br\/acervo-correio\/index.php?rest_route=\/wp\/v2\/types\/post"}],"author":[{"embeddable":true,"href":"https:\/\/www.ocorreionews.com.br\/acervo-correio\/index.php?rest_route=\/wp\/v2\/users\/4"}],"replies":[{"embeddable":true,"href":"https:\/\/www.ocorreionews.com.br\/acervo-correio\/index.php?rest_route=%2Fwp%2Fv2%2Fcomments&post=10201"}],"version-history":[{"count":0,"href":"https:\/\/www.ocorreionews.com.br\/acervo-correio\/index.php?rest_route=\/wp\/v2\/posts\/10201\/revisions"}],"wp:featuredmedia":[{"embeddable":true,"href":"https:\/\/www.ocorreionews.com.br\/acervo-correio\/index.php?rest_route=\/wp\/v2\/media\/10202"}],"wp:attachment":[{"href":"https:\/\/www.ocorreionews.com.br\/acervo-correio\/index.php?rest_route=%2Fwp%2Fv2%2Fmedia&parent=10201"}],"wp:term":[{"taxonomy":"category","embeddable":true,"href":"https:\/\/www.ocorreionews.com.br\/acervo-correio\/index.php?rest_route=%2Fwp%2Fv2%2Fcategories&post=10201"},{"taxonomy":"post_tag","embeddable":true,"href":"https:\/\/www.ocorreionews.com.br\/acervo-correio\/index.php?rest_route=%2Fwp%2Fv2%2Ftags&post=10201"}],"curies":[{"name":"wp","href":"https:\/\/api.w.org\/{rel}","templated":true}]}}