{"id":10204,"date":"2015-09-15T13:59:12","date_gmt":"2015-09-15T17:59:12","guid":{"rendered":"https:\/\/ocorreionews.com.br\/?p=10204"},"modified":"2015-09-15T13:59:12","modified_gmt":"2015-09-15T17:59:12","slug":"prefeitura-municipal-divulga-programacao-de-aniversario-de-paraiso-das-aguas","status":"publish","type":"post","link":"https:\/\/www.ocorreionews.com.br\/acervo-correio\/?p=10204","title":{"rendered":"Prefeitura Municipal divulga programa\u00e7\u00e3o de anivers\u00e1rio de Para\u00edso das \u00c1guas"},"content":{"rendered":"<p>A Prefeitura Municipal de Para\u00edso das \u00c1guas est\u00e1 preparando uma comemora\u00e7\u00e3o especial para\u00a0 o anivers\u00e1rio da cidade.<\/p>\n<p>A programa\u00e7\u00e3o contar\u00e1 com inaugura\u00e7\u00f5es de obras, atividades esportivas, culturais, desfiles, motocross, \u00a0show pirot\u00e9cnico e apresenta\u00e7\u00f5es de diversos artistas, entre eles a dupla Felipe e Menon, ganhadores do concurso Gargantas de Ouro, exibido pelo Programa do Ratinho.<\/p>\n<p>Para\u00edso das \u00c1guas comemora seu 3\u00ba ano de independ\u00eancia em 30 de setembro, por\u00e9m as atividades festivas come\u00e7am no s\u00e1bado, dia 26 de setembro.<\/p>\n<p>Segue programa\u00e7\u00e3o:<\/p>\n<p><strong>Dia 26\/09\/15<\/strong><\/p>\n<p>\u00c0s 7 h &#8211; Hasteamento da Bandeira e abertura do anivers\u00e1rio de Emancipa\u00e7\u00e3o Pol\u00edtica e Administrativa de Para\u00edso das \u00c1guas,<\/p>\n<p>Local \u2013 Escola Municipal Professora Lizete Rivelli Alpe,<\/p>\n<p>\u00c0s 8h30min &#8211; Entrega da placa de homenagem \u00e0s primeiras fam\u00edlias pioneiras que iniciaram desbravamento de Para\u00edso.<\/p>\n<p>\u00c0s 9h30min &#8211; Abertura da Feira do Artesanato e exposi\u00e7\u00e3o de fotos, jornais e revistas referentes ao in\u00edcio da hist\u00f3ria de Para\u00edso;<\/p>\n<p>Local \u2013 Av. Sabino Rodrigues de Menezes.<\/p>\n<p>\u00c0s 17h \u2013 Desfile do grupo da capoeira, das bandas musicais e dos ve\u00edculos oficiais do munic\u00edpio;<\/p>\n<p>Local \u00a0\u2013 In\u00edcio ser\u00e1 na Av. Manoel Rodrigues da Cruz e segue at\u00e9 a Av. Sabino Rodrigues de Menezes.<\/p>\n<p>\u00c0s 18 h &#8211; Apresenta\u00e7\u00e3o do grupo da capoeira;<\/p>\n<p>\u00c0s 18h40 min \u2013 Apresenta\u00e7\u00e3o das Bandas Musicais;<\/p>\n<p>\u00c0s 20h30 min &#8211; V\u00eddeos Institucionais;<\/p>\n<p>\u00c0s 20h45 min &#8211; Fala das autoridades;<\/p>\n<p>\u00c0s 22h &#8211; Show Musical com Felipe e Menon;<\/p>\n<p>\u00c0s 22h30 min &#8211; Show Pirot\u00e9cnico;<\/p>\n<p>Local\u00a0 \u2013\u00a0 Av. Sabino Rodrigues de Menezes.<\/p>\n<p><strong>Dia 27\/09\/15<\/strong><\/p>\n<p>\u00c0s 8h \u2013 Abertura do Moto Cross;<\/p>\n<p>\u00c0s 9h30min \u2013 Inaugura\u00e7\u00e3o de obra no Distrito de Pouso Alto;<\/p>\n<p>\u00c0s 11h \u2013 Almo\u00e7o no Distrito;<\/p>\n<p>\u00c0s 13h30min \u2013 Inaugura\u00e7\u00e3o de obra na sede do munic\u00edpio;<\/p>\n<p>\u00c0s 15 h \u2013 Moto Cross;<\/p>\n<p>\u00c0s 20 h \u2013 Show Musical com Dener e Matheus e em seguida com o gaiteiro Tost\u00e3o,<\/p>\n<p><strong>Dia 28\/09\/15<\/strong><\/p>\n<p>\u00c0s 7h &#8211; Corrida de atletismo<\/p>\n<p>Local \u2013 Campo de Futebol \u2013 Woton Vitorino de Carvalho<\/p>\n<p><strong>Dia 29\/09\/15<\/strong><\/p>\n<p>\u00c0s 19 h &#8211; Culto em a\u00e7\u00e3o de gra\u00e7as pelo anivers\u00e1rio do Munic\u00edpio;<\/p>\n<p><strong>Dia 30\/09\/15<\/strong><\/p>\n<p>\u00c0s 6 h \u2013 Alvorada festiva,<\/p>\n<p>\u00c0s 7h30 min\u2013 Passeio cicl\u00edstico,<\/p>\n<p>\u00c0s 9h \u2013 Reuni\u00e3o no Distrito de Bela Alvorada, com apresenta\u00e7\u00e3o da Banda<\/p>\n<p>Musical e do Grupo da Capoeira.<\/p>\n<p>\u00c0s 19 h &#8211; Missa solene em a\u00e7\u00e3o de gra\u00e7as pelo anivers\u00e1rio do Munic\u00edpio;<\/p>\n<p>&nbsp;<\/p>\n<p>ASSECOM- Prefeitura Municipal de Para\u00edso das \u00c1guas- MS<\/p>\n","protected":false},"excerpt":{"rendered":"<p>A Prefeitura Municipal de Para\u00edso das \u00c1guas est\u00e1 preparando uma comemora\u00e7\u00e3o especial para\u00a0 o anivers\u00e1rio da cidade. A programa\u00e7\u00e3o contar\u00e1 com inaugura\u00e7\u00f5es de obras, atividades esportivas, culturais, desfiles, motocross, \u00a0show pirot\u00e9cnico e apresenta\u00e7\u00f5es de diversos artistas, entre eles a dupla Felipe e Menon, ganhadores do concurso Gargantas de Ouro, exibido pelo Programa do Ratinho. Para\u00edso [&hellip;]<\/p>\n","protected":false},"author":4,"featured_media":10205,"comment_status":"closed","ping_status":"closed","sticky":false,"template":"","format":"standard","meta":{"footnotes":""},"categories":[36],"tags":[],"class_list":["post-10204","post","type-post","status-publish","format-standard","has-post-thumbnail","hentry","category-paraiso-das-aguas"],"_links":{"self":[{"href":"https:\/\/www.ocorreionews.com.br\/acervo-correio\/index.php?rest_route=\/wp\/v2\/posts\/10204","targetHints":{"allow":["GET"]}}],"collection":[{"href":"https:\/\/www.ocorreionews.com.br\/acervo-correio\/index.php?rest_route=\/wp\/v2\/posts"}],"about":[{"href":"https:\/\/www.ocorreionews.com.br\/acervo-correio\/index.php?rest_route=\/wp\/v2\/types\/post"}],"author":[{"embeddable":true,"href":"https:\/\/www.ocorreionews.com.br\/acervo-correio\/index.php?rest_route=\/wp\/v2\/users\/4"}],"replies":[{"embeddable":true,"href":"https:\/\/www.ocorreionews.com.br\/acervo-correio\/index.php?rest_route=%2Fwp%2Fv2%2Fcomments&post=10204"}],"version-history":[{"count":0,"href":"https:\/\/www.ocorreionews.com.br\/acervo-correio\/index.php?rest_route=\/wp\/v2\/posts\/10204\/revisions"}],"wp:featuredmedia":[{"embeddable":true,"href":"https:\/\/www.ocorreionews.com.br\/acervo-correio\/index.php?rest_route=\/wp\/v2\/media\/10205"}],"wp:attachment":[{"href":"https:\/\/www.ocorreionews.com.br\/acervo-correio\/index.php?rest_route=%2Fwp%2Fv2%2Fmedia&parent=10204"}],"wp:term":[{"taxonomy":"category","embeddable":true,"href":"https:\/\/www.ocorreionews.com.br\/acervo-correio\/index.php?rest_route=%2Fwp%2Fv2%2Fcategories&post=10204"},{"taxonomy":"post_tag","embeddable":true,"href":"https:\/\/www.ocorreionews.com.br\/acervo-correio\/index.php?rest_route=%2Fwp%2Fv2%2Ftags&post=10204"}],"curies":[{"name":"wp","href":"https:\/\/api.w.org\/{rel}","templated":true}]}}