{"id":1038,"date":"2015-05-08T14:39:07","date_gmt":"2015-05-08T18:39:07","guid":{"rendered":"https:\/\/ocorreionews.com.br\/?p=1038"},"modified":"2018-08-20T22:34:17","modified_gmt":"2018-08-21T02:34:17","slug":"35-anos-administracao-municipal-em-parceria-com-a-odebrecht-investe-na-educacao-do-bairro-sao-francisco","status":"publish","type":"post","link":"https:\/\/www.ocorreionews.com.br\/acervo-correio\/?p=1038","title":{"rendered":"35 Anos: Administra\u00e7\u00e3o Municipal em parceria com a Odebrecht investe na Educa\u00e7\u00e3o do Bairro S\u00e3o Francisco"},"content":{"rendered":"<div class=\"marginBottom30px link-Internas\">\n<p style=\"text-align: justify;\">Iniciando a programa\u00e7\u00e3o em celebra\u00e7\u00e3o aos 35 anos de Costa Rica \u2013 MS, o prefeito de Costa Rica \u2013 MS Waldeli dos Santos Rosa, a secretaria de Educa\u00e7\u00e3o professora Mestre Manuelina Martins da Silva Arantes Cabral, juntamente com o superintendente da Odebrecht Agroindustrial (Polo Taquari) Luiz Paulo Sant&#8217;Anna, o gerente de Pessoas e Administra\u00e7\u00e3o do Polo Taquari, Lu\u00eds Fernando Gai\u00e3o, o presidente da C\u00e2mara vereador Jos\u00e9 Augusto Maia Vasconcellos, e toda a equipe do Governo Municipal, entregaram na manh\u00e3 desta sexta-feira, 08 de maio de 2015, investimentos para a Educa\u00e7\u00e3o do Bairro S\u00e3o Francisco.<\/p>\n<p style=\"text-align: justify;\">Na Escola Municipal Francisco Martins Carrijo, \u00e0s autoridades inauguraram a Biblioteca Lucimar Felisbina de Souza, entregaram a reforma da Quadra de Esportes e a constru\u00e7\u00e3o das Arquibancadas da institui\u00e7\u00e3o.<\/p>\n<p style=\"text-align: justify;\">Dando sequ\u00eancia \u00e0s a\u00e7\u00f5es, em parceria com o Programa Energia Social para Sustentabilidade Local, da Odebrecht Agroindustrial, as autoridades inauguraram o Projeto Cantinho Acolhedor, que viabilizou a amplia\u00e7\u00e3o, reforma, climatiza\u00e7\u00e3o e aquisi\u00e7\u00e3o de m\u00f3veis do CEI &#8211; Centro de Educa\u00e7\u00e3o Infantil &#8211; Sonho Meu \u2013 tamb\u00e9m recebeu uma Mini Quadra constru\u00edda com 100% de Recursos Pr\u00f3prios.<\/p>\n<p style=\"text-align: justify;\">\u201cO CEI Sonho Meu sem d\u00favidas passa ser a nossa institui\u00e7\u00e3o modelo em infraestrutura, agora vamos buscar mais parcerias com a Odebrecht para que possamos dar seguimento nesse projeto nos outros centros\u201d, disse a secret\u00e1ria de Educa\u00e7\u00e3o Prof\u00aa Me. Manuelina Martins.<\/p>\n<p style=\"text-align: justify;\">O prefeito agradeceu em nome do superintende Luiz Paulo toda a equipe do Programa Energia Social que mais uma vez foi parceria na Educa\u00e7\u00e3o de Costa Rica. Para Waldeli, o investimento em Educa\u00e7\u00e3o sempre ser\u00e1 prioridade. \u201cBuscamos n\u00e3o apenas melhorar o espa\u00e7o f\u00edsico das nossas institui\u00e7\u00f5es, mas tamb\u00e9m proporcionar uma educa\u00e7\u00e3o de qualidade para nossas crian\u00e7as\u201d, concluiu.<\/p>\n<p style=\"text-align: justify;\">Atendendo a 220 crian\u00e7as na faixa et\u00e1ria de zero a cinco anos de idade, o projeto visa estimular o aprendizado dos alunos de educa\u00e7\u00e3o infantil da REME &#8211; Rede Municipal de Ensino \u2013 objetivando oferecer as crian\u00e7as um ambiente acolhedor e prop\u00edcio a processos de aprendizado com qualidade, al\u00e9m de oferecer um espa\u00e7o apropriado para que as crian\u00e7as possam brincar e criar suas pr\u00f3prias brincadeiras.<\/p>\n<p style=\"text-align: justify;\">\u201cO nome j\u00e1 diz, Cantinho Acolhedor, pois tem por finalidade oferecer um ambiente organizado com equipamentos adequados para cada faixa et\u00e1ria, estimulando assim a criatividade e o prazer em aprender\u201d, declarou o superintendente da Odebrecht Luiz Paulo durante a solenidade que acrescentou \u201cao investir na primeira forma\u00e7\u00e3o desses alunos, buscamos uma educa\u00e7\u00e3o s\u00f3lida e o consequente desenvolvimento sustent\u00e1vel do Munic\u00edpio\u201d.<\/p>\n<p style=\"text-align: justify;\">Para encerrar a solenidade, os alunos da pr\u00e9 escola 01 e 02 fizeram uma apresenta\u00e7\u00e3o cultural e uma homenagem ao prefeito Waldeli, a secret\u00e1ria de Educa\u00e7\u00e3o Prof\u00aa Me. Manuelina Martins e ao superintendente da Odebrecht Luiz Paulo. Ap\u00f3s as apresenta\u00e7\u00f5es as autoridades descerraram as placas.<\/p>\n<\/div>\n<div class=\"marginBottom30px link-Internas\" style=\"text-align: justify;\"><a href=\"https:\/\/ocorreionews.com.br\/wp-content\/uploads\/2015\/05\/inaugira\u00e7\u00f5es-35-anos-CR-02.jpg\"><img loading=\"lazy\" decoding=\"async\" class=\"alignnone size-full wp-image-1040\" src=\"https:\/\/ocorreionews.com.br\/wp-content\/uploads\/2015\/05\/inaugira\u00e7\u00f5es-35-anos-CR-02.jpg\" alt=\"inaugira\u00e7\u00f5es 35 anos CR 02\" width=\"800\" height=\"530\" srcset=\"https:\/\/www.ocorreionews.com.br\/acervo-correio\/wp-content\/uploads\/2015\/05\/inaugira\u00e7\u00f5es-35-anos-CR-02.jpg 800w, https:\/\/www.ocorreionews.com.br\/acervo-correio\/wp-content\/uploads\/2015\/05\/inaugira\u00e7\u00f5es-35-anos-CR-02-300x199.jpg 300w\" sizes=\"auto, (max-width: 800px) 100vw, 800px\" \/><\/a> <a href=\"https:\/\/ocorreionews.com.br\/wp-content\/uploads\/2015\/05\/inaugira\u00e7\u00f5es-35-anos-CR-03.jpg\"><img loading=\"lazy\" decoding=\"async\" class=\"alignnone size-full wp-image-1041\" src=\"https:\/\/ocorreionews.com.br\/wp-content\/uploads\/2015\/05\/inaugira\u00e7\u00f5es-35-anos-CR-03.jpg\" alt=\"inaugira\u00e7\u00f5es 35 anos CR 03\" width=\"800\" height=\"530\" srcset=\"https:\/\/www.ocorreionews.com.br\/acervo-correio\/wp-content\/uploads\/2015\/05\/inaugira\u00e7\u00f5es-35-anos-CR-03.jpg 800w, https:\/\/www.ocorreionews.com.br\/acervo-correio\/wp-content\/uploads\/2015\/05\/inaugira\u00e7\u00f5es-35-anos-CR-03-300x199.jpg 300w\" sizes=\"auto, (max-width: 800px) 100vw, 800px\" \/><\/a> <a href=\"https:\/\/ocorreionews.com.br\/wp-content\/uploads\/2015\/05\/inaugira\u00e7\u00f5es-35-anos-CR-04.jpg\"><img loading=\"lazy\" decoding=\"async\" class=\"alignnone size-full wp-image-1042\" src=\"https:\/\/ocorreionews.com.br\/wp-content\/uploads\/2015\/05\/inaugira\u00e7\u00f5es-35-anos-CR-04.jpg\" alt=\"inaugira\u00e7\u00f5es 35 anos CR 04\" width=\"800\" height=\"530\" srcset=\"https:\/\/www.ocorreionews.com.br\/acervo-correio\/wp-content\/uploads\/2015\/05\/inaugira\u00e7\u00f5es-35-anos-CR-04.jpg 800w, https:\/\/www.ocorreionews.com.br\/acervo-correio\/wp-content\/uploads\/2015\/05\/inaugira\u00e7\u00f5es-35-anos-CR-04-300x199.jpg 300w\" sizes=\"auto, (max-width: 800px) 100vw, 800px\" \/><\/a> <a href=\"https:\/\/ocorreionews.com.br\/wp-content\/uploads\/2015\/05\/inaugira\u00e7\u00f5es-35-anos-CR-05.jpg\"><img loading=\"lazy\" decoding=\"async\" class=\"alignnone size-full wp-image-1043\" src=\"https:\/\/ocorreionews.com.br\/wp-content\/uploads\/2015\/05\/inaugira\u00e7\u00f5es-35-anos-CR-05.jpg\" alt=\"inaugira\u00e7\u00f5es 35 anos CR 05\" width=\"800\" height=\"530\" srcset=\"https:\/\/www.ocorreionews.com.br\/acervo-correio\/wp-content\/uploads\/2015\/05\/inaugira\u00e7\u00f5es-35-anos-CR-05.jpg 800w, https:\/\/www.ocorreionews.com.br\/acervo-correio\/wp-content\/uploads\/2015\/05\/inaugira\u00e7\u00f5es-35-anos-CR-05-300x199.jpg 300w\" sizes=\"auto, (max-width: 800px) 100vw, 800px\" \/><\/a> <a href=\"https:\/\/ocorreionews.com.br\/wp-content\/uploads\/2015\/05\/inaugira\u00e7\u00f5es-35-anos-CR-06.jpg\"><img loading=\"lazy\" decoding=\"async\" class=\"alignnone size-full wp-image-1044\" src=\"https:\/\/ocorreionews.com.br\/wp-content\/uploads\/2015\/05\/inaugira\u00e7\u00f5es-35-anos-CR-06.jpg\" alt=\"inaugira\u00e7\u00f5es 35 anos CR 06\" width=\"800\" height=\"530\" srcset=\"https:\/\/www.ocorreionews.com.br\/acervo-correio\/wp-content\/uploads\/2015\/05\/inaugira\u00e7\u00f5es-35-anos-CR-06.jpg 800w, https:\/\/www.ocorreionews.com.br\/acervo-correio\/wp-content\/uploads\/2015\/05\/inaugira\u00e7\u00f5es-35-anos-CR-06-300x199.jpg 300w\" sizes=\"auto, (max-width: 800px) 100vw, 800px\" \/><\/a><\/div>\n<div class=\"marginBottom30px link-Internas\" style=\"text-align: justify;\">Fonte\u00a0ASSECOM\/PMCR\u00a0&#8211; Foto: Jefferson Garcia<\/div>\n","protected":false},"excerpt":{"rendered":"<p>Iniciando a programa\u00e7\u00e3o em celebra\u00e7\u00e3o aos 35 anos de Costa Rica \u2013 MS, o prefeito de Costa Rica \u2013 MS Waldeli dos Santos Rosa, a secretaria de Educa\u00e7\u00e3o professora Mestre Manuelina Martins da Silva Arantes Cabral, juntamente com o superintendente da Odebrecht Agroindustrial (Polo Taquari) Luiz Paulo Sant&#8217;Anna, o gerente de Pessoas e Administra\u00e7\u00e3o do [&hellip;]<\/p>\n","protected":false},"author":4,"featured_media":1056,"comment_status":"closed","ping_status":"closed","sticky":false,"template":"","format":"standard","meta":{"footnotes":""},"categories":[25],"tags":[],"class_list":["post-1038","post","type-post","status-publish","format-standard","has-post-thumbnail","hentry","category-costa-rica"],"_links":{"self":[{"href":"https:\/\/www.ocorreionews.com.br\/acervo-correio\/index.php?rest_route=\/wp\/v2\/posts\/1038","targetHints":{"allow":["GET"]}}],"collection":[{"href":"https:\/\/www.ocorreionews.com.br\/acervo-correio\/index.php?rest_route=\/wp\/v2\/posts"}],"about":[{"href":"https:\/\/www.ocorreionews.com.br\/acervo-correio\/index.php?rest_route=\/wp\/v2\/types\/post"}],"author":[{"embeddable":true,"href":"https:\/\/www.ocorreionews.com.br\/acervo-correio\/index.php?rest_route=\/wp\/v2\/users\/4"}],"replies":[{"embeddable":true,"href":"https:\/\/www.ocorreionews.com.br\/acervo-correio\/index.php?rest_route=%2Fwp%2Fv2%2Fcomments&post=1038"}],"version-history":[{"count":0,"href":"https:\/\/www.ocorreionews.com.br\/acervo-correio\/index.php?rest_route=\/wp\/v2\/posts\/1038\/revisions"}],"wp:featuredmedia":[{"embeddable":true,"href":"https:\/\/www.ocorreionews.com.br\/acervo-correio\/index.php?rest_route=\/wp\/v2\/media\/1056"}],"wp:attachment":[{"href":"https:\/\/www.ocorreionews.com.br\/acervo-correio\/index.php?rest_route=%2Fwp%2Fv2%2Fmedia&parent=1038"}],"wp:term":[{"taxonomy":"category","embeddable":true,"href":"https:\/\/www.ocorreionews.com.br\/acervo-correio\/index.php?rest_route=%2Fwp%2Fv2%2Fcategories&post=1038"},{"taxonomy":"post_tag","embeddable":true,"href":"https:\/\/www.ocorreionews.com.br\/acervo-correio\/index.php?rest_route=%2Fwp%2Fv2%2Ftags&post=1038"}],"curies":[{"name":"wp","href":"https:\/\/api.w.org\/{rel}","templated":true}]}}