{"id":10455,"date":"2015-09-17T13:47:43","date_gmt":"2015-09-17T17:47:43","guid":{"rendered":"https:\/\/ocorreionews.com.br\/?p=10455"},"modified":"2015-09-17T13:49:04","modified_gmt":"2015-09-17T17:49:04","slug":"clube-paineira-vai-realizar-assembleia-extraordinaria-doa-02","status":"publish","type":"post","link":"https:\/\/www.ocorreionews.com.br\/acervo-correio\/?p=10455","title":{"rendered":"Clube Paineira vai realizar Assembleia extraordin\u00e1ria doa 02"},"content":{"rendered":"<p style=\"text-align: justify;\"><strong>A diretoria do Clube Paineiras de Chapad\u00e3o do Sul, publica edital, de convoca\u00e7\u00e3o dos associados, para uma Assembleia Extraordin\u00e1ria que vai ser realizada no pr\u00f3ximo dia 02, as 20 horas, na sede do clube. <\/strong><\/p>\n<p style=\"text-align: justify;\"><strong>Segundo o presidente Juarez Kosloski, o motivo da reuni\u00e3o \u00e9 para uma poss\u00edvel mudan\u00e7a no estatuto do clube, onde pretende, adequar o clube em contas de a\u00e7\u00f5es, como tem outros clubes no Brasil, onde citou exemplo do clube campestre de Rio Verde. <\/strong><\/p>\n<p style=\"text-align: justify;\"><strong>Veja o Edital <\/strong><\/p>\n<p style=\"text-align: justify;\"><a href=\"https:\/\/ocorreionews.com.br\/wp-content\/uploads\/2015\/09\/EDITAL-CONVOCA\u00c7\u00c3O-ASSEMBLEIA-GERAL-CLUBE-RECREATIVO-PAINEIRA.jpg\"><img loading=\"lazy\" decoding=\"async\" class=\"alignnone size-full wp-image-10459\" src=\"https:\/\/ocorreionews.com.br\/wp-content\/uploads\/2015\/09\/EDITAL-CONVOCA\u00c7\u00c3O-ASSEMBLEIA-GERAL-CLUBE-RECREATIVO-PAINEIRA.jpg\" alt=\"EDITAL CONVOCA\u00c7\u00c3O ASSEMBLEIA GERAL CLUBE RECREATIVO PAINEIRA\" width=\"744\" height=\"1052\" srcset=\"https:\/\/www.ocorreionews.com.br\/acervo-correio\/wp-content\/uploads\/2015\/09\/EDITAL-CONVOCA\u00c7\u00c3O-ASSEMBLEIA-GERAL-CLUBE-RECREATIVO-PAINEIRA.jpg 744w, https:\/\/www.ocorreionews.com.br\/acervo-correio\/wp-content\/uploads\/2015\/09\/EDITAL-CONVOCA\u00c7\u00c3O-ASSEMBLEIA-GERAL-CLUBE-RECREATIVO-PAINEIRA-212x300.jpg 212w, https:\/\/www.ocorreionews.com.br\/acervo-correio\/wp-content\/uploads\/2015\/09\/EDITAL-CONVOCA\u00c7\u00c3O-ASSEMBLEIA-GERAL-CLUBE-RECREATIVO-PAINEIRA-724x1024.jpg 724w\" sizes=\"auto, (max-width: 744px) 100vw, 744px\" \/><\/a><\/p>\n","protected":false},"excerpt":{"rendered":"<p>A diretoria do Clube Paineiras de Chapad\u00e3o do Sul, publica edital, de convoca\u00e7\u00e3o dos associados, para uma Assembleia Extraordin\u00e1ria que vai ser realizada no pr\u00f3ximo dia 02, as 20 horas, na sede do clube. Segundo o presidente Juarez Kosloski, o motivo da reuni\u00e3o \u00e9 para uma poss\u00edvel mudan\u00e7a no estatuto do clube, onde pretende, adequar [&hellip;]<\/p>\n","protected":false},"author":4,"featured_media":10462,"comment_status":"closed","ping_status":"closed","sticky":false,"template":"","format":"standard","meta":{"footnotes":""},"categories":[23],"tags":[],"class_list":["post-10455","post","type-post","status-publish","format-standard","has-post-thumbnail","hentry","category-chapadao-do-sul"],"_links":{"self":[{"href":"https:\/\/www.ocorreionews.com.br\/acervo-correio\/index.php?rest_route=\/wp\/v2\/posts\/10455","targetHints":{"allow":["GET"]}}],"collection":[{"href":"https:\/\/www.ocorreionews.com.br\/acervo-correio\/index.php?rest_route=\/wp\/v2\/posts"}],"about":[{"href":"https:\/\/www.ocorreionews.com.br\/acervo-correio\/index.php?rest_route=\/wp\/v2\/types\/post"}],"author":[{"embeddable":true,"href":"https:\/\/www.ocorreionews.com.br\/acervo-correio\/index.php?rest_route=\/wp\/v2\/users\/4"}],"replies":[{"embeddable":true,"href":"https:\/\/www.ocorreionews.com.br\/acervo-correio\/index.php?rest_route=%2Fwp%2Fv2%2Fcomments&post=10455"}],"version-history":[{"count":0,"href":"https:\/\/www.ocorreionews.com.br\/acervo-correio\/index.php?rest_route=\/wp\/v2\/posts\/10455\/revisions"}],"wp:featuredmedia":[{"embeddable":true,"href":"https:\/\/www.ocorreionews.com.br\/acervo-correio\/index.php?rest_route=\/wp\/v2\/media\/10462"}],"wp:attachment":[{"href":"https:\/\/www.ocorreionews.com.br\/acervo-correio\/index.php?rest_route=%2Fwp%2Fv2%2Fmedia&parent=10455"}],"wp:term":[{"taxonomy":"category","embeddable":true,"href":"https:\/\/www.ocorreionews.com.br\/acervo-correio\/index.php?rest_route=%2Fwp%2Fv2%2Fcategories&post=10455"},{"taxonomy":"post_tag","embeddable":true,"href":"https:\/\/www.ocorreionews.com.br\/acervo-correio\/index.php?rest_route=%2Fwp%2Fv2%2Ftags&post=10455"}],"curies":[{"name":"wp","href":"https:\/\/api.w.org\/{rel}","templated":true}]}}