{"id":10456,"date":"2015-09-17T13:35:20","date_gmt":"2015-09-17T17:35:20","guid":{"rendered":"https:\/\/ocorreionews.com.br\/?p=10456"},"modified":"2015-09-17T16:10:40","modified_gmt":"2015-09-17T20:10:40","slug":"incendio-em-pastagem-causa-acidente-envolvendo-tres-veiculos-em-paraiso-das-aguas","status":"publish","type":"post","link":"https:\/\/www.ocorreionews.com.br\/acervo-correio\/?p=10456","title":{"rendered":"Inc\u00eandio em pastagem causa acidente envolvendo tr\u00eas ve\u00edculos em Para\u00edso das \u00c1guas"},"content":{"rendered":"<p><span style=\"font-family: helvetica; font-size: small;\">Por volta das 12h, desta quarta-feira(16), na rodovia BR 060, um inc\u00eandio nas pastagens da fazenda Indai\u00e1, causou um grave acidente, envolvendo tr\u00eas ve\u00edculos. Dois ve\u00edculos ficaram completamente destru\u00eddos pelo fogo.<\/span><\/p>\n<div><span style=\"font-family: helvetica; font-size: small;\">\u00a0<\/span><\/div>\n<div><span style=\"font-family: helvetica; font-size: small;\">A reportagem do Brito News esteve no local e conversou com o condutor, que disse que devido \u00e0 forte fuma\u00e7a sob a pista, sua vis\u00e3o foi prejudicada e vindo a perder o controle do ve\u00edculo.<\/span><\/div>\n<div><span style=\"font-family: helvetica; font-size: small;\">\u00a0<\/span><\/div>\n<div><span style=\"font-family: helvetica; font-size: small;\">O motorista do Fiat Strada que ficou completamente destru\u00eddo com as chamas, contou que somente foi poss\u00edvel recolher alguns pertences e logo o inc\u00eandio come\u00e7ou.<\/span><\/div>\n<div><span style=\"font-family: helvetica; font-size: small;\">\u00a0<\/span><\/div>\n<div><span style=\"font-family: helvetica; font-size: small;\">Uma Ford F-1000 e o Fiat Strada foram consumidos pelo fogo. Uma Toyota Hilux tamb\u00e9m se envolveu no acidente e sofreu alguns danos.<\/span><\/div>\n<div><span style=\"font-family: helvetica; font-size: small;\">\u00a0<\/span><\/div>\n<div><span style=\"font-family: helvetica; font-size: small;\">A equipe de sa\u00fade de Para\u00edso das \u00c1guas esteve no local prestando atendimento \u00e0s vitimas, que sofreram apenas ferimentos leves. A Pol\u00edcia Militar est\u00e1 no local controlando o tr\u00e2nsito e a equipe do Corpo de Bombeiros de Chapad\u00e3o do Sul est\u00e1 no local tentando controlar o inc\u00eandio.<\/span><\/div>\n<div><span style=\"font-family: helvetica; font-size: small;\">\u00a0<\/span><\/div>\n<div><span style=\"font-family: helvetica; font-size: small;\"><b>Os motoristas devem ter aten\u00e7\u00e3o redobrada ao trafegar pela BR 060, entre Para\u00edso das \u00c1guas e Camapu\u00e3, na altura do KM 78.<\/b><\/span><\/div>\n<div><span style=\"font-family: helvetica; font-size: small;\">\u00a0<\/span><\/div>\n<div><span style=\"font-family: helvetica; font-size: small;\"><img decoding=\"async\" src=\"http:\/\/i.imgur.com\/vdqqu9k.jpg\" alt=\"\" width=\"600\" \/><\/span><\/div>\n<div><span style=\"font-family: helvetica; font-size: small;\"><img decoding=\"async\" src=\"http:\/\/i.imgur.com\/kMIjfZm.jpg\" alt=\"\" width=\"600\" \/><\/span><\/div>\n<div><span style=\"font-family: helvetica; font-size: small;\"><img decoding=\"async\" src=\"http:\/\/i.imgur.com\/lZSs8go.jpg\" alt=\"\" width=\"600\" \/><\/span><\/div>\n<div><span style=\"font-family: helvetica; font-size: small;\"><img decoding=\"async\" src=\"http:\/\/i.imgur.com\/gLZTbY5.jpg\" alt=\"\" width=\"600\" \/><\/span><\/div>\n<div><span style=\"font-family: helvetica; font-size: small;\"><img decoding=\"async\" src=\"http:\/\/i.imgur.com\/Z5Ihker.jpg\" alt=\"\" width=\"600\" \/><\/span><\/div>\n<div><\/div>\n<div>Brito News<\/div>\n","protected":false},"excerpt":{"rendered":"<p>Por volta das 12h, desta quarta-feira(16), na rodovia BR 060, um inc\u00eandio nas pastagens da fazenda Indai\u00e1, causou um grave acidente, envolvendo tr\u00eas ve\u00edculos. Dois ve\u00edculos ficaram completamente destru\u00eddos pelo fogo. \u00a0 A reportagem do Brito News esteve no local e conversou com o condutor, que disse que devido \u00e0 forte fuma\u00e7a sob a pista, [&hellip;]<\/p>\n","protected":false},"author":4,"featured_media":10457,"comment_status":"closed","ping_status":"closed","sticky":false,"template":"","format":"standard","meta":{"footnotes":""},"categories":[36,38],"tags":[],"class_list":["post-10456","post","type-post","status-publish","format-standard","has-post-thumbnail","hentry","category-paraiso-das-aguas","category-policia"],"_links":{"self":[{"href":"https:\/\/www.ocorreionews.com.br\/acervo-correio\/index.php?rest_route=\/wp\/v2\/posts\/10456","targetHints":{"allow":["GET"]}}],"collection":[{"href":"https:\/\/www.ocorreionews.com.br\/acervo-correio\/index.php?rest_route=\/wp\/v2\/posts"}],"about":[{"href":"https:\/\/www.ocorreionews.com.br\/acervo-correio\/index.php?rest_route=\/wp\/v2\/types\/post"}],"author":[{"embeddable":true,"href":"https:\/\/www.ocorreionews.com.br\/acervo-correio\/index.php?rest_route=\/wp\/v2\/users\/4"}],"replies":[{"embeddable":true,"href":"https:\/\/www.ocorreionews.com.br\/acervo-correio\/index.php?rest_route=%2Fwp%2Fv2%2Fcomments&post=10456"}],"version-history":[{"count":0,"href":"https:\/\/www.ocorreionews.com.br\/acervo-correio\/index.php?rest_route=\/wp\/v2\/posts\/10456\/revisions"}],"wp:featuredmedia":[{"embeddable":true,"href":"https:\/\/www.ocorreionews.com.br\/acervo-correio\/index.php?rest_route=\/wp\/v2\/media\/10457"}],"wp:attachment":[{"href":"https:\/\/www.ocorreionews.com.br\/acervo-correio\/index.php?rest_route=%2Fwp%2Fv2%2Fmedia&parent=10456"}],"wp:term":[{"taxonomy":"category","embeddable":true,"href":"https:\/\/www.ocorreionews.com.br\/acervo-correio\/index.php?rest_route=%2Fwp%2Fv2%2Fcategories&post=10456"},{"taxonomy":"post_tag","embeddable":true,"href":"https:\/\/www.ocorreionews.com.br\/acervo-correio\/index.php?rest_route=%2Fwp%2Fv2%2Ftags&post=10456"}],"curies":[{"name":"wp","href":"https:\/\/api.w.org\/{rel}","templated":true}]}}