{"id":1046,"date":"2015-05-08T15:33:14","date_gmt":"2015-05-08T19:33:14","guid":{"rendered":"https:\/\/ocorreionews.com.br\/?p=1046"},"modified":"2018-08-20T22:34:17","modified_gmt":"2018-08-21T02:34:17","slug":"neste-dia-das-maes-o-legislativo-cumprimenta-todas-as-maes-sul-chapadenses","status":"publish","type":"post","link":"https:\/\/www.ocorreionews.com.br\/acervo-correio\/?p=1046","title":{"rendered":"Neste dia das m\u00e3es o Legislativo cumprimenta todas as M\u00e3es sul-chapadenses"},"content":{"rendered":"<p>Neste domingo \u00e9 dia de agradecer a Deus pelas m\u00e3es brancas ,\u00a0pelas pardas , morenas ou negras, pelas ricas e pelas pobrezinhas, pelas m\u00e3es &#8211; titias , pelas m\u00e3es -vov\u00f3s , pelas madrastas -m\u00e3es , pelas professoras \u2013 m\u00e3es, pela m\u00e3e que embala ao colo o filho que n\u00e3o \u00e9 seu, pela saudade querida da m\u00e3e que j\u00e1 partiu, pelo amor latente em todas as mulheres, que desperta ao sentir desabrochar em si uma nova vida pelo amor , maravilhoso amor que une m\u00e3es e filhos.<\/p>\n<p>Ser m\u00e3e\u2026 \u00c9 a miss\u00e3o de maior responsabilidade. \u00c9 amar de forma mais completa. \u00c9 dar o melhor de si e n\u00e3o esperar nada em troca\u2026 \u00c0 ela devemos nossa vida pois \u00e9 merecedora de todo nosso respeito e digna de todo nosso afeto. M\u00e3e \u00e9 sin\u00f4nimo de amor e bondade. Feliz Dia das M\u00e3es!<\/p>\n<p>&nbsp;<\/p>\n","protected":false},"excerpt":{"rendered":"<p>Neste domingo \u00e9 dia de agradecer a Deus pelas m\u00e3es brancas ,\u00a0pelas pardas , morenas ou negras, pelas ricas e pelas pobrezinhas, pelas m\u00e3es &#8211; titias , pelas m\u00e3es -vov\u00f3s , pelas madrastas -m\u00e3es , pelas professoras \u2013 m\u00e3es, pela m\u00e3e que embala ao colo o filho que n\u00e3o \u00e9 seu, pela saudade querida da [&hellip;]<\/p>\n","protected":false},"author":4,"featured_media":1047,"comment_status":"closed","ping_status":"closed","sticky":false,"template":"","format":"standard","meta":{"footnotes":""},"categories":[20],"tags":[],"class_list":["post-1046","post","type-post","status-publish","format-standard","has-post-thumbnail","hentry","category-camara-municipal"],"_links":{"self":[{"href":"https:\/\/www.ocorreionews.com.br\/acervo-correio\/index.php?rest_route=\/wp\/v2\/posts\/1046","targetHints":{"allow":["GET"]}}],"collection":[{"href":"https:\/\/www.ocorreionews.com.br\/acervo-correio\/index.php?rest_route=\/wp\/v2\/posts"}],"about":[{"href":"https:\/\/www.ocorreionews.com.br\/acervo-correio\/index.php?rest_route=\/wp\/v2\/types\/post"}],"author":[{"embeddable":true,"href":"https:\/\/www.ocorreionews.com.br\/acervo-correio\/index.php?rest_route=\/wp\/v2\/users\/4"}],"replies":[{"embeddable":true,"href":"https:\/\/www.ocorreionews.com.br\/acervo-correio\/index.php?rest_route=%2Fwp%2Fv2%2Fcomments&post=1046"}],"version-history":[{"count":0,"href":"https:\/\/www.ocorreionews.com.br\/acervo-correio\/index.php?rest_route=\/wp\/v2\/posts\/1046\/revisions"}],"wp:featuredmedia":[{"embeddable":true,"href":"https:\/\/www.ocorreionews.com.br\/acervo-correio\/index.php?rest_route=\/wp\/v2\/media\/1047"}],"wp:attachment":[{"href":"https:\/\/www.ocorreionews.com.br\/acervo-correio\/index.php?rest_route=%2Fwp%2Fv2%2Fmedia&parent=1046"}],"wp:term":[{"taxonomy":"category","embeddable":true,"href":"https:\/\/www.ocorreionews.com.br\/acervo-correio\/index.php?rest_route=%2Fwp%2Fv2%2Fcategories&post=1046"},{"taxonomy":"post_tag","embeddable":true,"href":"https:\/\/www.ocorreionews.com.br\/acervo-correio\/index.php?rest_route=%2Fwp%2Fv2%2Ftags&post=1046"}],"curies":[{"name":"wp","href":"https:\/\/api.w.org\/{rel}","templated":true}]}}