{"id":10463,"date":"2015-09-17T14:03:29","date_gmt":"2015-09-17T18:03:29","guid":{"rendered":"https:\/\/ocorreionews.com.br\/?p=10463"},"modified":"2015-09-17T14:03:29","modified_gmt":"2015-09-17T18:03:29","slug":"extintor-em-carro-deixara-de-ser-obrigatorio","status":"publish","type":"post","link":"https:\/\/www.ocorreionews.com.br\/acervo-correio\/?p=10463","title":{"rendered":"Extintor em carro deixar\u00e1 de ser obrigat\u00f3rio"},"content":{"rendered":"<p style=\"text-align: justify;\">O Conselho Nacional de Tr\u00e2nsito (Contran) decidiu em reuni\u00e3o nesta quinta-feira (17) que o\u00a0 uso do extintor de inc\u00eandio em carros ser\u00e1 opcional, ou seja, a falta do equipamento n\u00e3o mais ser\u00e1 considerada infra\u00e7\u00e3o nem resultar\u00e1 em multa. O fim da obrigatoriedade do extintor para carros come\u00e7ar\u00e1 a valer a partir da publica\u00e7\u00e3o da resolu\u00e7\u00e3o, o que dever\u00e1 ocorrer nos pr\u00f3ximos dias, diz o Departamento Nacional de Tr\u00e2nsito (Denatran).<\/p>\n<p style=\"text-align: justify;\">Desde 1970, rodar sem o equipamento ou com ele vencido ou inadequado \u00e9 considerado infra\u00e7\u00e3o m\u00e9dia, com multa de R$ 127,69 e mais 5 pontos na carteira de motorista. O Brasil \u00e9 um dos pouco pa\u00edses que obrigava autom\u00f3veis a ter o extintor. Nos Estados Unidos e na maioria das na\u00e7\u00f5es europeias n\u00e3o existe a obrigatoriedade.<\/p>\n<p style=\"text-align: justify;\">O equipamento continua sendo exigido no pa\u00eds apenas para caminh\u00f5es, caminh\u00e3o-trator, micro-\u00f4nibus, \u00f4nibus, caminhonetes, camionetas, triciclos de cabine fechadas, e ve\u00edculos destinados ao transporte de produtos inflam\u00e1veis.<\/p>\n<p style=\"text-align: justify;\">&#8220;A mudan\u00e7a na legisla\u00e7\u00e3o ocorre ap\u00f3s 90 dias de avalia\u00e7\u00e3o t\u00e9cnica e consulta aos setores envolvidos&#8221;, diz a nota do Contran.<\/p>\n<div class=\"foto componente_materia midia-largura-620\" style=\"text-align: justify;\"><strong>Extintor do tipo ABC ia ser exigido a partir de outubro (Foto: Luciana Amaral\/G1)<\/strong><\/div>\n<p style=\"text-align: justify;\"><strong>Muita gente trocou o extintor<\/strong><br \/>\nA medida foi anunciada pouco antes de come\u00e7ar a valer a obrigatoriedade dos extintores do tipo ABC, <a href=\"http:\/\/g1.globo.com\/carros\/noticia\/2015\/06\/obrigatoriedade-do-extintor-abc-e-adiada-para-outubro.html\">prevista para 1\u00ba de outubro<\/a>. O Contran havia decidido pelo uso desse tipo de equipamento porque ele combate o fogo em mais tipos de materiais do que o do tipo BC, que equipava carros at\u00e9 alguns anos atr\u00e1s.<\/p>\n<div class=\"olho componente_materia expandido\" style=\"text-align: justify;\">\n<div>Exig\u00eancia de troca de extintor pelo tipo ABC levou a correria \u00e0s lojas, falta do produto e den\u00fancias de pre\u00e7os exorbitantes<\/div>\n<\/div>\n<p style=\"text-align: justify;\">A exig\u00eancia da troca come\u00e7aria a valer em 1\u00ba janeiro deste ano e provocou correria \u00e0s lojas no fim do ano passado, resultando em falta do produto e den\u00fancias de pre\u00e7os exorbitantes.<\/p>\n<p style=\"text-align: justify;\">Houve novos adiamentos, para que as fabricantes conseguissem aumentar a produ\u00e7\u00e3o e atender \u00e0 demanda, mas o extintor continuou em falta em diversas cidades.<\/p>\n<p style=\"text-align: justify;\">Depois da \u00faltima prorroga\u00e7\u00e3o, o Contran realizou reuni\u00f5es e ouviu que era necess\u00e1rio um prazo maior, de cerca de 3 a 4 anos, para atender \u00e0 demanda. Por\u00e9m, segundo o presidente do conselho, essa justificativa j\u00e1 estava sendo dada pelas ind\u00fastrias h\u00e1 11 anos.<\/p>\n<p style=\"text-align: justify;\"><strong>Uso inadequado \u00e9 mais arriscado, diz Contran<\/strong><br \/>\nA Associa\u00e7\u00e3o Brasileira de Engenharia Automotiva (AEA) informou que dos 2 milh\u00f5es de sinistros em ve\u00edculos cobertos por seguros, 800 tiveram inc\u00eandio como causa. Desse total, apenas 24 informaram que usaram o extintor, equivalente a 3%.<\/p>\n<div class=\"olho componente_materia expandido\" style=\"text-align: justify;\">\n<div>Autoridades consideram que falta de treinamento e despreparo dos motoristas para o manuseio do extintor geram mais risco de danos \u00e0 pessoa do que o pr\u00f3prio inc\u00eandio, diz nota do Contran<\/div>\n<\/div>\n<p style=\"text-align: justify;\">Estudos e pesquisas realizadas pelo Denatran constataram que as inova\u00e7\u00f5es tecnol\u00f3gicas introduzidas nos ve\u00edculos resultaram em maior seguran\u00e7a contra inc\u00eandio, afirma o Contran.<\/p>\n<p style=\"text-align: justify;\">Entre as quais, o corte autom\u00e1tico de combust\u00edvel em caso de colis\u00e3o, localiza\u00e7\u00e3o do tanque de combust\u00edvel fora do habit\u00e1culo dos passageiros, flamabilidade de materiais e revestimentos, entre outras.<\/p>\n<p style=\"text-align: justify;\">Segundo o pr\u00f3prio conselho, as autoridades consideram que falta de treinamento e despreparo dos motoristas para o manuseio do extintor geram mais risco de danos \u00e0 pessoa do que o pr\u00f3prio inc\u00eandio. &#8220;Al\u00e9m disso, nos &#8216;test crash&#8217; realizados na Europa e acompanhados por t\u00e9cnicos do Denatran, ficou comprovado que tanto o extintor como o seu suporte provocam fraturas nos passageiros e condutores\u201d, explica o presidente do conselho.<\/p>\n<p style=\"text-align: justify;\"><span class=\"adr\"><span class=\"locality\">Do G1, em S\u00e3o Paulo<\/span><\/span><\/p>\n","protected":false},"excerpt":{"rendered":"<p>O Conselho Nacional de Tr\u00e2nsito (Contran) decidiu em reuni\u00e3o nesta quinta-feira (17) que o\u00a0 uso do extintor de inc\u00eandio em carros ser\u00e1 opcional, ou seja, a falta do equipamento n\u00e3o mais ser\u00e1 considerada infra\u00e7\u00e3o nem resultar\u00e1 em multa. O fim da obrigatoriedade do extintor para carros come\u00e7ar\u00e1 a valer a partir da publica\u00e7\u00e3o da resolu\u00e7\u00e3o, [&hellip;]<\/p>\n","protected":false},"author":4,"featured_media":10464,"comment_status":"closed","ping_status":"closed","sticky":false,"template":"","format":"standard","meta":{"footnotes":""},"categories":[26],"tags":[],"class_list":["post-10463","post","type-post","status-publish","format-standard","has-post-thumbnail","hentry","category-economia"],"_links":{"self":[{"href":"https:\/\/www.ocorreionews.com.br\/acervo-correio\/index.php?rest_route=\/wp\/v2\/posts\/10463","targetHints":{"allow":["GET"]}}],"collection":[{"href":"https:\/\/www.ocorreionews.com.br\/acervo-correio\/index.php?rest_route=\/wp\/v2\/posts"}],"about":[{"href":"https:\/\/www.ocorreionews.com.br\/acervo-correio\/index.php?rest_route=\/wp\/v2\/types\/post"}],"author":[{"embeddable":true,"href":"https:\/\/www.ocorreionews.com.br\/acervo-correio\/index.php?rest_route=\/wp\/v2\/users\/4"}],"replies":[{"embeddable":true,"href":"https:\/\/www.ocorreionews.com.br\/acervo-correio\/index.php?rest_route=%2Fwp%2Fv2%2Fcomments&post=10463"}],"version-history":[{"count":0,"href":"https:\/\/www.ocorreionews.com.br\/acervo-correio\/index.php?rest_route=\/wp\/v2\/posts\/10463\/revisions"}],"wp:featuredmedia":[{"embeddable":true,"href":"https:\/\/www.ocorreionews.com.br\/acervo-correio\/index.php?rest_route=\/wp\/v2\/media\/10464"}],"wp:attachment":[{"href":"https:\/\/www.ocorreionews.com.br\/acervo-correio\/index.php?rest_route=%2Fwp%2Fv2%2Fmedia&parent=10463"}],"wp:term":[{"taxonomy":"category","embeddable":true,"href":"https:\/\/www.ocorreionews.com.br\/acervo-correio\/index.php?rest_route=%2Fwp%2Fv2%2Fcategories&post=10463"},{"taxonomy":"post_tag","embeddable":true,"href":"https:\/\/www.ocorreionews.com.br\/acervo-correio\/index.php?rest_route=%2Fwp%2Fv2%2Ftags&post=10463"}],"curies":[{"name":"wp","href":"https:\/\/api.w.org\/{rel}","templated":true}]}}