{"id":1063,"date":"2015-05-08T20:28:02","date_gmt":"2015-05-09T00:28:02","guid":{"rendered":"https:\/\/ocorreionews.com.br\/?p=1063"},"modified":"2018-08-20T22:34:18","modified_gmt":"2018-08-21T02:34:18","slug":"pesquisadores-africanos-visitaram-a-fundacao-chapadao","status":"publish","type":"post","link":"https:\/\/www.ocorreionews.com.br\/acervo-correio\/?p=1063","title":{"rendered":"Pesquisadores africanos visitaram a Funda\u00e7\u00e3o Chapad\u00e3o"},"content":{"rendered":"<p style=\"text-align: justify;\">A Funda\u00e7\u00e3o Chapad\u00e3o recebeu na \u00faltima quinta-feira dia 07, pesquisadores de 07 Pa\u00edses Africanos, que vieram ao Brasil conhecer a Agricultura e principalmente cotonicultura.<\/p>\n<p style=\"text-align: justify;\">Os pesquisadores estavam acompanhados da representada da Embrapa\/GO, a pesquisadora Janaina e foram recepcionados pelo presidente da Funda\u00e7\u00e3o Chapad\u00e3o, Adriano Loef e o diretor e pesquisador Edson Borges.<\/p>\n<p style=\"text-align: justify;\">O grupo \u00e9 composto por pesquisadores de algod\u00e3o e representam cinco pa\u00edses daquele continente: Male, Chade, Burkina-Faso, Benin e Togo e fazem parte de um acordo de coopera\u00e7\u00e3o t\u00e9cnica entre o Brasil e os pa\u00edses africanos, que est\u00e3o investindo na cultura do algod\u00e3o, denominado COTON 4 + Togo, que \u00e9 coordenado pelo Engenheiro Agr\u00f4nomo Jos\u00e9 Geraldo Di Stefano, da EMBRAPA.<\/p>\n<p style=\"text-align: justify;\">Os africanos ficaram curiosos em saber o mecanismo cooperativo da funda\u00e7\u00e3o, a metodologia das pesquisas, experimentos e a forma de repasse dos conhecimentos aos produtores s\u00f3cios e n\u00e3o s\u00f3cios. Cada um dos componentes do grupo recebeu um exemplar do mais recente boletim t\u00e9cnico publicado pela funda\u00e7\u00e3o.<\/p>\n<p style=\"text-align: justify;\">Ap\u00f3s serem informados dos processos das pesquisas realizadas pela a Funda\u00e7\u00e3o, o grupo foi a campo para conhecer o trabalho a campo.<\/p>\n<p style=\"text-align: justify;\">Para o Pesquisador e diretor Edson Borges \u00e9 uma satisfa\u00e7\u00e3o e alegria em saber que a Funda\u00e7\u00e3o Chapad\u00e3o foi uma das entidades escolhida pela a Embrapa, para receber os africanos, isso demostra a seriedade e a compet\u00eancia dos trabalhos que s\u00e3o realizados com seus pesquisadores.<\/p>\n<p style=\"text-align: justify;\">Edson Borges falou da sua satisfa\u00e7\u00e3o e orgulho em saber que a Funda\u00e7\u00e3o Chapad\u00e3o foi uma das poucas entidades escolhidas pela EMBRAPA, para receber a visita da comitiva africana.<\/p>\n<p style=\"text-align: justify;\">Al\u00e9m da Funda\u00e7\u00e3o Chapad\u00e3o, os t\u00e9cnicos africanos visitaram a Funda\u00e7\u00e3o Bahia, em Luiz Eduardo Magalh\u00e3es (BA), a AGOPA, Associa\u00e7\u00e3o Goiana dos Produtores de Algod\u00e3o, a AMPASUL, Associa\u00e7\u00e3o Sul-Mato-Grossense dos Produtores de Algod\u00e3o e o Grupo Schlatter, em Chapad\u00e3o do Sul.<\/p>\n<p style=\"text-align: justify;\"><a href=\"https:\/\/ocorreionews.com.br\/wp-content\/uploads\/2015\/05\/DSC_0154.jpg\"><img loading=\"lazy\" decoding=\"async\" class=\"alignnone size-full wp-image-1065\" src=\"https:\/\/ocorreionews.com.br\/wp-content\/uploads\/2015\/05\/DSC_0154.jpg\" alt=\"DSC_0154\" width=\"568\" height=\"285\" srcset=\"https:\/\/www.ocorreionews.com.br\/acervo-correio\/wp-content\/uploads\/2015\/05\/DSC_0154.jpg 568w, https:\/\/www.ocorreionews.com.br\/acervo-correio\/wp-content\/uploads\/2015\/05\/DSC_0154-300x151.jpg 300w\" sizes=\"auto, (max-width: 568px) 100vw, 568px\" \/><\/a><a href=\"https:\/\/ocorreionews.com.br\/wp-content\/uploads\/2015\/05\/DSC_0160.jpg\"><img loading=\"lazy\" decoding=\"async\" class=\"alignnone size-full wp-image-1066\" src=\"https:\/\/ocorreionews.com.br\/wp-content\/uploads\/2015\/05\/DSC_0160.jpg\" alt=\"DSC_0160\" width=\"514\" height=\"342\" srcset=\"https:\/\/www.ocorreionews.com.br\/acervo-correio\/wp-content\/uploads\/2015\/05\/DSC_0160.jpg 514w, https:\/\/www.ocorreionews.com.br\/acervo-correio\/wp-content\/uploads\/2015\/05\/DSC_0160-300x200.jpg 300w\" sizes=\"auto, (max-width: 514px) 100vw, 514px\" \/><\/a><a href=\"https:\/\/ocorreionews.com.br\/wp-content\/uploads\/2015\/05\/DSC_0161.jpg\"><img loading=\"lazy\" decoding=\"async\" class=\"alignnone size-full wp-image-1067\" src=\"https:\/\/ocorreionews.com.br\/wp-content\/uploads\/2015\/05\/DSC_0161.jpg\" alt=\"DSC_0161\" width=\"514\" height=\"342\" srcset=\"https:\/\/www.ocorreionews.com.br\/acervo-correio\/wp-content\/uploads\/2015\/05\/DSC_0161.jpg 514w, https:\/\/www.ocorreionews.com.br\/acervo-correio\/wp-content\/uploads\/2015\/05\/DSC_0161-300x200.jpg 300w\" sizes=\"auto, (max-width: 514px) 100vw, 514px\" \/><\/a><a href=\"https:\/\/ocorreionews.com.br\/wp-content\/uploads\/2015\/05\/DSC_0164.jpg\"><img loading=\"lazy\" decoding=\"async\" class=\"alignnone size-full wp-image-1068\" src=\"https:\/\/ocorreionews.com.br\/wp-content\/uploads\/2015\/05\/DSC_0164.jpg\" alt=\"DSC_0164\" width=\"643\" height=\"427\" srcset=\"https:\/\/www.ocorreionews.com.br\/acervo-correio\/wp-content\/uploads\/2015\/05\/DSC_0164.jpg 643w, https:\/\/www.ocorreionews.com.br\/acervo-correio\/wp-content\/uploads\/2015\/05\/DSC_0164-300x199.jpg 300w\" sizes=\"auto, (max-width: 643px) 100vw, 643px\" \/><\/a><\/p>\n","protected":false},"excerpt":{"rendered":"<p>A Funda\u00e7\u00e3o Chapad\u00e3o recebeu na \u00faltima quinta-feira dia 07, pesquisadores de 07 Pa\u00edses Africanos, que vieram ao Brasil conhecer a Agricultura e principalmente cotonicultura. Os pesquisadores estavam acompanhados da representada da Embrapa\/GO, a pesquisadora Janaina e foram recepcionados pelo presidente da Funda\u00e7\u00e3o Chapad\u00e3o, Adriano Loef e o diretor e pesquisador Edson Borges. O grupo \u00e9 [&hellip;]<\/p>\n","protected":false},"author":4,"featured_media":1064,"comment_status":"closed","ping_status":"closed","sticky":false,"template":"","format":"standard","meta":{"footnotes":""},"categories":[17],"tags":[],"class_list":["post-1063","post","type-post","status-publish","format-standard","has-post-thumbnail","hentry","category-agropecuaria"],"_links":{"self":[{"href":"https:\/\/www.ocorreionews.com.br\/acervo-correio\/index.php?rest_route=\/wp\/v2\/posts\/1063","targetHints":{"allow":["GET"]}}],"collection":[{"href":"https:\/\/www.ocorreionews.com.br\/acervo-correio\/index.php?rest_route=\/wp\/v2\/posts"}],"about":[{"href":"https:\/\/www.ocorreionews.com.br\/acervo-correio\/index.php?rest_route=\/wp\/v2\/types\/post"}],"author":[{"embeddable":true,"href":"https:\/\/www.ocorreionews.com.br\/acervo-correio\/index.php?rest_route=\/wp\/v2\/users\/4"}],"replies":[{"embeddable":true,"href":"https:\/\/www.ocorreionews.com.br\/acervo-correio\/index.php?rest_route=%2Fwp%2Fv2%2Fcomments&post=1063"}],"version-history":[{"count":0,"href":"https:\/\/www.ocorreionews.com.br\/acervo-correio\/index.php?rest_route=\/wp\/v2\/posts\/1063\/revisions"}],"wp:featuredmedia":[{"embeddable":true,"href":"https:\/\/www.ocorreionews.com.br\/acervo-correio\/index.php?rest_route=\/wp\/v2\/media\/1064"}],"wp:attachment":[{"href":"https:\/\/www.ocorreionews.com.br\/acervo-correio\/index.php?rest_route=%2Fwp%2Fv2%2Fmedia&parent=1063"}],"wp:term":[{"taxonomy":"category","embeddable":true,"href":"https:\/\/www.ocorreionews.com.br\/acervo-correio\/index.php?rest_route=%2Fwp%2Fv2%2Fcategories&post=1063"},{"taxonomy":"post_tag","embeddable":true,"href":"https:\/\/www.ocorreionews.com.br\/acervo-correio\/index.php?rest_route=%2Fwp%2Fv2%2Ftags&post=1063"}],"curies":[{"name":"wp","href":"https:\/\/api.w.org\/{rel}","templated":true}]}}