{"id":1073,"date":"2015-05-08T20:56:47","date_gmt":"2015-05-09T00:56:47","guid":{"rendered":"https:\/\/ocorreionews.com.br\/?p=1073"},"modified":"2018-08-20T22:34:18","modified_gmt":"2018-08-21T02:34:18","slug":"maycon-balbino-se-apresenta-no-maquina-da-fama-no-sbt","status":"publish","type":"post","link":"https:\/\/www.ocorreionews.com.br\/acervo-correio\/?p=1073","title":{"rendered":"Maycon Balbino se apresenta no \u201cM\u00e1quina da Fama\u201d no SBT"},"content":{"rendered":"<p style=\"text-align: justify;\">Maycon Balbino, jovem cantor de 24 anos, natural de Chapad\u00e3o do Sul, morando em Campo Grande h\u00e1 1 ano e meio, onde tem feito muitos shows e se apresentado por todo estado. Segue cantando nas casas da capital como Valley, Woods, Coronas, entre outras.<\/p>\n<p style=\"text-align: justify;\">\nH\u00e1 alguns dias ele foi chamado pela produ\u00e7\u00e3o do SBT para participar do programa \u201cMaquina da Fama\u201d apresentado pela Patr\u00edcia Abravanel, o programa vai ao ar toda segunda-feira, e tem o intuito de fazer uma transforma\u00e7\u00e3o no cantor para ele virar o \u201cartista homenageado\u201d, Maycon ainda n\u00e3o divulgou quem far\u00e1 no programa, mas garante que as pessoas v\u00e3o gostar.<\/p>\n<p style=\"text-align: justify;\">\nA grava\u00e7\u00e3o foi feita a 2 semanas atr\u00e1s em S\u00e3o Paulo-SP, nos est\u00fadios do SBT, onde Maycon passou a semana de ensaios, e experi\u00eancias dentro do SBT.<\/p>\n<p style=\"text-align: justify;\">\nMaycon foi o \u00fanico sul-mato-grossense convidado a participar do programa at\u00e9 agora, levou o nome de Chapad\u00e3o do Sul e do estado a n\u00edvel nacional<br \/>\nGostaria de convidar a todos voc\u00eas para estarem ligados no SBT na pr\u00f3xima segunda-feira dia 11, a partir das 22h15 (MS).<\/p>\n","protected":false},"excerpt":{"rendered":"<p>Maycon Balbino, jovem cantor de 24 anos, natural de Chapad\u00e3o do Sul, morando em Campo Grande h\u00e1 1 ano e meio, onde tem feito muitos shows e se apresentado por todo estado. Segue cantando nas casas da capital como Valley, Woods, Coronas, entre outras. H\u00e1 alguns dias ele foi chamado pela produ\u00e7\u00e3o do SBT para [&hellip;]<\/p>\n","protected":false},"author":4,"featured_media":1074,"comment_status":"closed","ping_status":"closed","sticky":false,"template":"","format":"standard","meta":{"footnotes":""},"categories":[23],"tags":[],"class_list":["post-1073","post","type-post","status-publish","format-standard","has-post-thumbnail","hentry","category-chapadao-do-sul"],"_links":{"self":[{"href":"https:\/\/www.ocorreionews.com.br\/acervo-correio\/index.php?rest_route=\/wp\/v2\/posts\/1073","targetHints":{"allow":["GET"]}}],"collection":[{"href":"https:\/\/www.ocorreionews.com.br\/acervo-correio\/index.php?rest_route=\/wp\/v2\/posts"}],"about":[{"href":"https:\/\/www.ocorreionews.com.br\/acervo-correio\/index.php?rest_route=\/wp\/v2\/types\/post"}],"author":[{"embeddable":true,"href":"https:\/\/www.ocorreionews.com.br\/acervo-correio\/index.php?rest_route=\/wp\/v2\/users\/4"}],"replies":[{"embeddable":true,"href":"https:\/\/www.ocorreionews.com.br\/acervo-correio\/index.php?rest_route=%2Fwp%2Fv2%2Fcomments&post=1073"}],"version-history":[{"count":0,"href":"https:\/\/www.ocorreionews.com.br\/acervo-correio\/index.php?rest_route=\/wp\/v2\/posts\/1073\/revisions"}],"wp:featuredmedia":[{"embeddable":true,"href":"https:\/\/www.ocorreionews.com.br\/acervo-correio\/index.php?rest_route=\/wp\/v2\/media\/1074"}],"wp:attachment":[{"href":"https:\/\/www.ocorreionews.com.br\/acervo-correio\/index.php?rest_route=%2Fwp%2Fv2%2Fmedia&parent=1073"}],"wp:term":[{"taxonomy":"category","embeddable":true,"href":"https:\/\/www.ocorreionews.com.br\/acervo-correio\/index.php?rest_route=%2Fwp%2Fv2%2Fcategories&post=1073"},{"taxonomy":"post_tag","embeddable":true,"href":"https:\/\/www.ocorreionews.com.br\/acervo-correio\/index.php?rest_route=%2Fwp%2Fv2%2Ftags&post=1073"}],"curies":[{"name":"wp","href":"https:\/\/api.w.org\/{rel}","templated":true}]}}