{"id":10908,"date":"2015-09-22T13:57:16","date_gmt":"2015-09-22T17:57:16","guid":{"rendered":"https:\/\/ocorreionews.com.br\/?p=10908"},"modified":"2015-09-22T13:57:16","modified_gmt":"2015-09-22T17:57:16","slug":"homem-de-58-anos-e-soterrado-por-graos-em-jatai","status":"publish","type":"post","link":"https:\/\/www.ocorreionews.com.br\/acervo-correio\/?p=10908","title":{"rendered":"Homem de 58 anos \u00e9 soterrado por gr\u00e3os em Jata\u00ed"},"content":{"rendered":"<p>Na manh\u00e3 desta ter\u00e7a-feira (22), Jo\u00e3o dos Santos Gon\u00e7alves, de 58 anos, trabalhava em um silo de armazenamento de gr\u00e3os juntamente com outros tr\u00eas funcion\u00e1rios quando foi soterrado por uma grande quantidade de milho ao cair em uma boca de expedi\u00e7\u00e3o dentro do armaz\u00e9m.<\/p>\n<div class=\"mceTemp\">\n<figure id=\"attachment_40014\" aria-describedby=\"caption-attachment-40014\" style=\"width: 252px\" class=\"wp-caption alignleft\"><a href=\"http:\/\/plantaojti.com.br\/wp-content\/uploads\/2015\/09\/10368188_1002620583121348_2992370590059550309_n.jpg\" rel=\"lightbox-0\"><img loading=\"lazy\" decoding=\"async\" class=\"wp-image-40014\" src=\"http:\/\/plantaojti.com.br\/wp-content\/uploads\/2015\/09\/10368188_1002620583121348_2992370590059550309_n.jpg\" alt=\"Caminh\u00f5es est\u00e3o removendo os gr\u00e3os do armaz\u00e9m. \" width=\"252\" height=\"225\" \/><\/a><figcaption id=\"caption-attachment-40014\" class=\"wp-caption-text\">Caminh\u00f5es est\u00e3o removendo os gr\u00e3os do armaz\u00e9m.<\/figcaption><\/figure>\n<\/div>\n<p>O silo fica localizado na Rua 113, no Setor Industrial em Jata\u00ed.<\/p>\n<p>V\u00e1rios caminh\u00f5es da empresa esta sendo usado para retirar os gr\u00e3os do armaz\u00e9m, para resgatar o corpo do funcion\u00e1rio.<\/p>\n<p>Ainda n\u00e3o a previs\u00e3o do tempo que ira durar o trabalho de resgate.<\/p>\n<h3><\/h3>\n<p><a href=\"http:\/\/plantaojti.com.br\/wp-content\/uploads\/2015\/09\/12039565_1002620336454706_1470429903017931824_n.jpg\" rel=\"lightbox-1\"><img loading=\"lazy\" decoding=\"async\" class=\"size-full wp-image-40013 aligncenter\" src=\"http:\/\/plantaojti.com.br\/wp-content\/uploads\/2015\/09\/12039565_1002620336454706_1470429903017931824_n.jpg\" alt=\"12039565_1002620336454706_1470429903017931824_n\" width=\"800\" height=\"450\" \/><\/a><\/p>\n<p>&nbsp;<\/p>\n<p>Fonte: Plant\u00e3o JTI<\/p>\n","protected":false},"excerpt":{"rendered":"<p>Na manh\u00e3 desta ter\u00e7a-feira (22), Jo\u00e3o dos Santos Gon\u00e7alves, de 58 anos, trabalhava em um silo de armazenamento de gr\u00e3os juntamente com outros tr\u00eas funcion\u00e1rios quando foi soterrado por uma grande quantidade de milho ao cair em uma boca de expedi\u00e7\u00e3o dentro do armaz\u00e9m. O silo fica localizado na Rua 113, no Setor Industrial em [&hellip;]<\/p>\n","protected":false},"author":4,"featured_media":10910,"comment_status":"closed","ping_status":"closed","sticky":false,"template":"","format":"standard","meta":{"footnotes":""},"categories":[38],"tags":[],"class_list":["post-10908","post","type-post","status-publish","format-standard","has-post-thumbnail","hentry","category-policia"],"_links":{"self":[{"href":"https:\/\/www.ocorreionews.com.br\/acervo-correio\/index.php?rest_route=\/wp\/v2\/posts\/10908","targetHints":{"allow":["GET"]}}],"collection":[{"href":"https:\/\/www.ocorreionews.com.br\/acervo-correio\/index.php?rest_route=\/wp\/v2\/posts"}],"about":[{"href":"https:\/\/www.ocorreionews.com.br\/acervo-correio\/index.php?rest_route=\/wp\/v2\/types\/post"}],"author":[{"embeddable":true,"href":"https:\/\/www.ocorreionews.com.br\/acervo-correio\/index.php?rest_route=\/wp\/v2\/users\/4"}],"replies":[{"embeddable":true,"href":"https:\/\/www.ocorreionews.com.br\/acervo-correio\/index.php?rest_route=%2Fwp%2Fv2%2Fcomments&post=10908"}],"version-history":[{"count":0,"href":"https:\/\/www.ocorreionews.com.br\/acervo-correio\/index.php?rest_route=\/wp\/v2\/posts\/10908\/revisions"}],"wp:featuredmedia":[{"embeddable":true,"href":"https:\/\/www.ocorreionews.com.br\/acervo-correio\/index.php?rest_route=\/wp\/v2\/media\/10910"}],"wp:attachment":[{"href":"https:\/\/www.ocorreionews.com.br\/acervo-correio\/index.php?rest_route=%2Fwp%2Fv2%2Fmedia&parent=10908"}],"wp:term":[{"taxonomy":"category","embeddable":true,"href":"https:\/\/www.ocorreionews.com.br\/acervo-correio\/index.php?rest_route=%2Fwp%2Fv2%2Fcategories&post=10908"},{"taxonomy":"post_tag","embeddable":true,"href":"https:\/\/www.ocorreionews.com.br\/acervo-correio\/index.php?rest_route=%2Fwp%2Fv2%2Ftags&post=10908"}],"curies":[{"name":"wp","href":"https:\/\/api.w.org\/{rel}","templated":true}]}}