{"id":10912,"date":"2015-09-23T06:06:48","date_gmt":"2015-09-23T10:06:48","guid":{"rendered":"https:\/\/ocorreionews.com.br\/?p=10912"},"modified":"2015-09-23T06:06:48","modified_gmt":"2015-09-23T10:06:48","slug":"governo-do-estado-lanca-construcao-de-delegacia-da-policia-civil-em-paraiso-das-aguas","status":"publish","type":"post","link":"https:\/\/www.ocorreionews.com.br\/acervo-correio\/?p=10912","title":{"rendered":"Governo do Estado lan\u00e7a constru\u00e7\u00e3o de Delegacia da Pol\u00edcia Civil em Para\u00edso das \u00c1guas"},"content":{"rendered":"<p style=\"text-align: justify;\">O Governo do Estado, em parceria com a prefeitura de Para\u00edso das \u00c1guas, ir\u00e1 construir no munic\u00edpio a sede da Delegacia de Pol\u00edcia Civil. O lan\u00e7amento da obra que integra as comemora\u00e7\u00f5es do anivers\u00e1rio da cidade acontece neste domingo (27), com a presen\u00e7a do governador Reinaldo Azambuja.<\/p>\n<p style=\"text-align: justify;\">Ser\u00e3o investidos mais de R$ 511 mil em recursos pr\u00f3prios do Estado e terreno de contrapartida do munic\u00edpio, para a constru\u00e7\u00e3o da unidade que ter\u00e1 dois cart\u00f3rios, sala para delegado, protocolo, sala de investiga\u00e7\u00e3o, cozinha, dois lavabos feminino e masculino para o p\u00fablico, dois banheiros para servidores, sala de revista, duas celas, recep\u00e7\u00e3o e \u00e1rea de seguran\u00e7a.<\/p>\n<p style=\"text-align: justify;\">Com \u00e1rea total de 186 metros quadrados o pr\u00e9dio ser\u00e1 erguido na rua 35 esquina com a rua Dejanira Rodrigues dos Santos, no Centro da cidade. Implantada no munic\u00edpio no ano passado, a Delegacia da Pol\u00edcia Civil funciona em um pr\u00e9dio locado. Com a nova unidade o Governo do Estado cumpre o compromisso de priorizar a seguran\u00e7a p\u00fablica e garante atendimento de qualidade \u00e0 popula\u00e7\u00e3o e condi\u00e7\u00f5es de trabalho dignas e adequadas aos servidores.<\/p>\n<p style=\"text-align: justify;\">A solenidade de lan\u00e7amento da constru\u00e7\u00e3o da Delegacia da Pol\u00edcia Civil acontece \u00e0 partir das 13h30 na rua Guilhermina Martins de Oliveira, pr\u00f3ximo a Prefeitura Municipal, com as presen\u00e7as do governador Reinaldo Azambuja, do Delegado-Geral da Pol\u00edcia Civil, Roberval Maur\u00edcio Cardoso Rodrigues e do prefeito de Para\u00edso das \u00c1guas, Ivan da Cruz da Pereira.<\/p>\n","protected":false},"excerpt":{"rendered":"<p>O Governo do Estado, em parceria com a prefeitura de Para\u00edso das \u00c1guas, ir\u00e1 construir no munic\u00edpio a sede da Delegacia de Pol\u00edcia Civil. O lan\u00e7amento da obra que integra as comemora\u00e7\u00f5es do anivers\u00e1rio da cidade acontece neste domingo (27), com a presen\u00e7a do governador Reinaldo Azambuja. Ser\u00e3o investidos mais de R$ 511 mil em [&hellip;]<\/p>\n","protected":false},"author":4,"featured_media":4357,"comment_status":"closed","ping_status":"closed","sticky":false,"template":"","format":"standard","meta":{"footnotes":""},"categories":[36],"tags":[],"class_list":["post-10912","post","type-post","status-publish","format-standard","has-post-thumbnail","hentry","category-paraiso-das-aguas"],"_links":{"self":[{"href":"https:\/\/www.ocorreionews.com.br\/acervo-correio\/index.php?rest_route=\/wp\/v2\/posts\/10912","targetHints":{"allow":["GET"]}}],"collection":[{"href":"https:\/\/www.ocorreionews.com.br\/acervo-correio\/index.php?rest_route=\/wp\/v2\/posts"}],"about":[{"href":"https:\/\/www.ocorreionews.com.br\/acervo-correio\/index.php?rest_route=\/wp\/v2\/types\/post"}],"author":[{"embeddable":true,"href":"https:\/\/www.ocorreionews.com.br\/acervo-correio\/index.php?rest_route=\/wp\/v2\/users\/4"}],"replies":[{"embeddable":true,"href":"https:\/\/www.ocorreionews.com.br\/acervo-correio\/index.php?rest_route=%2Fwp%2Fv2%2Fcomments&post=10912"}],"version-history":[{"count":0,"href":"https:\/\/www.ocorreionews.com.br\/acervo-correio\/index.php?rest_route=\/wp\/v2\/posts\/10912\/revisions"}],"wp:featuredmedia":[{"embeddable":true,"href":"https:\/\/www.ocorreionews.com.br\/acervo-correio\/index.php?rest_route=\/wp\/v2\/media\/4357"}],"wp:attachment":[{"href":"https:\/\/www.ocorreionews.com.br\/acervo-correio\/index.php?rest_route=%2Fwp%2Fv2%2Fmedia&parent=10912"}],"wp:term":[{"taxonomy":"category","embeddable":true,"href":"https:\/\/www.ocorreionews.com.br\/acervo-correio\/index.php?rest_route=%2Fwp%2Fv2%2Fcategories&post=10912"},{"taxonomy":"post_tag","embeddable":true,"href":"https:\/\/www.ocorreionews.com.br\/acervo-correio\/index.php?rest_route=%2Fwp%2Fv2%2Ftags&post=10912"}],"curies":[{"name":"wp","href":"https:\/\/api.w.org\/{rel}","templated":true}]}}