{"id":10928,"date":"2015-09-23T08:13:40","date_gmt":"2015-09-23T12:13:40","guid":{"rendered":"https:\/\/ocorreionews.com.br\/?p=10928"},"modified":"2015-09-23T08:13:40","modified_gmt":"2015-09-23T12:13:40","slug":"eleicao-para-conselho-tutelar-em-paraiso-das-aguas","status":"publish","type":"post","link":"https:\/\/www.ocorreionews.com.br\/acervo-correio\/?p=10928","title":{"rendered":"Elei\u00e7\u00e3o para Conselho Tutelar em Para\u00edso das \u00c1guas"},"content":{"rendered":"<div><span style=\"font-family: helvetica; font-size: small;\">Ap\u00f3s as etapas preparat\u00f3rias para o processo de escolha, estabelecidas em edital, em conson\u00e2ncia com a Lei Federal e Municipal, o Conselho Municipal dos Direitos da Crian\u00e7a e do Adolescente &#8211; CMDCA, dentro de suas atribui\u00e7\u00f5es legais, divulga da lista com os candidatos habilitados para o processo de escolha, liberando-os para a realiza\u00e7\u00e3o da campanha.<\/span><\/div>\n<div><span style=\"font-family: helvetica; font-size: small;\">\u00a0<\/span><\/div>\n<div><span style=\"font-family: helvetica; font-size: small;\">Diante disso, o primeiro Processo de Escolha em Data Unificada est\u00e1 marcado para o dia <b>4 de outubro de 2015<\/b> e ser\u00e1 realizado em todo o territ\u00f3rio nacional. Ap\u00f3s a apura\u00e7\u00e3o da vota\u00e7\u00e3o, os cinco candidatos mais votados preencher\u00e3o as vagas de \u201cconselheiros tutelares titulares\u201d, e os demais ser\u00e3o listados como suplentes em ordem decrescente de vota\u00e7\u00e3o.<\/span><\/div>\n<div><span style=\"font-family: helvetica; font-size: small;\">\u00a0<\/span><\/div>\n<div><span style=\"font-family: helvetica; font-size: small;\">Podem participar da escolha dos membros do Conselho Tutelar as pessoas maiores de 16 anos, com t\u00edtulo de eleitor e domic\u00edlio eleitoral no munic\u00edpio em que pretendem votar. O eleitor dever\u00e1 comparecer ao local de vota\u00e7\u00e3o com documento de identifica\u00e7\u00e3o com foto e o t\u00edtulo de eleitor.<\/span><\/div>\n<div><span style=\"font-family: helvetica; font-size: small;\">\u00a0<\/span><\/div>\n<div><span style=\"font-family: helvetica; font-size: small;\">O voto \u00e9 facultativo. No entanto, \u00e9 importante a ampla participa\u00e7\u00e3o da popula\u00e7\u00e3o na escolha dos conselheiros, que ter\u00e3o atribui\u00e7\u00f5es e compet\u00eancias para promover, defender e proteger crian\u00e7as e adolescentes que est\u00e3o com seus direitos violados.<\/span><\/div>\n<div><span style=\"font-family: helvetica; font-size: small;\">\u00a0<\/span><\/div>\n<div><span style=\"font-family: helvetica; font-size: small;\">Na sede em Para\u00edso das \u00c1guas o col\u00e9gio eleitoral ser\u00e1 na C\u00e2mara Municipal, no distrito de Pouso Alto e Bela Alvorada, o col\u00e9gio eleitoral ser\u00e1 nas escolas municipais.\u00a0<\/span><\/div>\n<div><span style=\"font-family: helvetica; font-size: small;\">\u00a0<\/span><\/div>\n<div><span style=\"font-family: helvetica; font-size: small;\">Os sete candidatos \u00e0 cinco vagas dispon\u00edveis s\u00e3o:<\/span><\/div>\n<div><span style=\"font-family: helvetica; font-size: small;\">\u00a0<\/span><\/div>\n<div><span style=\"font-family: helvetica; font-size: medium;\"><b>CLAUDIA ROSA &#8211; N\u00ba 03<\/b><\/span><\/div>\n<div><span style=\"font-family: helvetica; font-size: medium;\"><b>\u00a0<\/b><\/span><\/div>\n<div><span style=\"font-family: helvetica; font-size: medium;\"><b>D\u00c9BORA &#8211; N\u00ba 04<\/b><\/span><\/div>\n<div><span style=\"font-family: helvetica; font-size: medium;\"><b>\u00a0<\/b><\/span><\/div>\n<div><span style=\"font-family: helvetica; font-size: medium;\"><b>DIV\u00c2NIA &#8211; N\u00ba 07<\/b><\/span><\/div>\n<div><span style=\"font-family: helvetica; font-size: medium;\"><b>\u00a0<\/b><\/span><\/div>\n<div><span style=\"font-family: helvetica; font-size: medium;\"><b>MARI &#8211; N\u00ba 06<\/b><\/span><\/div>\n<div><span style=\"font-family: helvetica; font-size: medium;\"><b>\u00a0<\/b><\/span><\/div>\n<div><span style=\"font-family: helvetica; font-size: medium;\"><b>RENATO &#8211; N\u00ba 01<\/b><\/span><\/div>\n<div><span style=\"font-family: helvetica; font-size: medium;\"><b>\u00a0<\/b><\/span><\/div>\n<div><span style=\"font-family: helvetica; font-size: medium;\"><b>TATTIANE &#8211; N\u00ba 05<\/b><\/span><\/div>\n<div><span style=\"font-family: helvetica; font-size: medium;\"><b>\u00a0<\/b><\/span><\/div>\n<div><span style=\"font-family: helvetica; font-size: medium;\"><b>U\u00c9LITON &#8211; N\u00ba 02<\/b><\/span><\/div>\n<div><\/div>\n<div><\/div>\n<div>Brito News<\/div>\n","protected":false},"excerpt":{"rendered":"<p>Ap\u00f3s as etapas preparat\u00f3rias para o processo de escolha, estabelecidas em edital, em conson\u00e2ncia com a Lei Federal e Municipal, o Conselho Municipal dos Direitos da Crian\u00e7a e do Adolescente &#8211; CMDCA, dentro de suas atribui\u00e7\u00f5es legais, divulga da lista com os candidatos habilitados para o processo de escolha, liberando-os para a realiza\u00e7\u00e3o da campanha. [&hellip;]<\/p>\n","protected":false},"author":4,"featured_media":2037,"comment_status":"closed","ping_status":"closed","sticky":false,"template":"","format":"standard","meta":{"footnotes":""},"categories":[36],"tags":[],"class_list":["post-10928","post","type-post","status-publish","format-standard","has-post-thumbnail","hentry","category-paraiso-das-aguas"],"_links":{"self":[{"href":"https:\/\/www.ocorreionews.com.br\/acervo-correio\/index.php?rest_route=\/wp\/v2\/posts\/10928","targetHints":{"allow":["GET"]}}],"collection":[{"href":"https:\/\/www.ocorreionews.com.br\/acervo-correio\/index.php?rest_route=\/wp\/v2\/posts"}],"about":[{"href":"https:\/\/www.ocorreionews.com.br\/acervo-correio\/index.php?rest_route=\/wp\/v2\/types\/post"}],"author":[{"embeddable":true,"href":"https:\/\/www.ocorreionews.com.br\/acervo-correio\/index.php?rest_route=\/wp\/v2\/users\/4"}],"replies":[{"embeddable":true,"href":"https:\/\/www.ocorreionews.com.br\/acervo-correio\/index.php?rest_route=%2Fwp%2Fv2%2Fcomments&post=10928"}],"version-history":[{"count":0,"href":"https:\/\/www.ocorreionews.com.br\/acervo-correio\/index.php?rest_route=\/wp\/v2\/posts\/10928\/revisions"}],"wp:featuredmedia":[{"embeddable":true,"href":"https:\/\/www.ocorreionews.com.br\/acervo-correio\/index.php?rest_route=\/wp\/v2\/media\/2037"}],"wp:attachment":[{"href":"https:\/\/www.ocorreionews.com.br\/acervo-correio\/index.php?rest_route=%2Fwp%2Fv2%2Fmedia&parent=10928"}],"wp:term":[{"taxonomy":"category","embeddable":true,"href":"https:\/\/www.ocorreionews.com.br\/acervo-correio\/index.php?rest_route=%2Fwp%2Fv2%2Fcategories&post=10928"},{"taxonomy":"post_tag","embeddable":true,"href":"https:\/\/www.ocorreionews.com.br\/acervo-correio\/index.php?rest_route=%2Fwp%2Fv2%2Ftags&post=10928"}],"curies":[{"name":"wp","href":"https:\/\/api.w.org\/{rel}","templated":true}]}}