{"id":11113,"date":"2015-09-24T16:18:32","date_gmt":"2015-09-24T20:18:32","guid":{"rendered":"https:\/\/ocorreionews.com.br\/?p=11113"},"modified":"2015-09-24T16:18:32","modified_gmt":"2015-09-24T20:18:32","slug":"2a-etapa-estadual-de-motocros-acontece-neste-fim-de-semana-em-paraiso-das-aguas","status":"publish","type":"post","link":"https:\/\/www.ocorreionews.com.br\/acervo-correio\/?p=11113","title":{"rendered":"2\u00aa Etapa Estadual de Motocros acontece neste fim de semana em Para\u00edso das \u00c1guas"},"content":{"rendered":"<p>Entre os eventos previstos para as festividades do anivers\u00e1rio da cidade, comemorado em 30 de setembro, est\u00e1 a 2\u00aa etapa estadual de motocross, que promete agitar a Para\u00edso das \u00c1guas.<\/p>\n<p>De acordo com os organizadores do campeonato, \u00e9 esperado um p\u00fablico de aproximadamente 85 motoqueiros e as categorias disputadas ser\u00e3o: MX1,MX2,MX3 E MX nacional.<\/p>\n<p>O treino livre acontece na s\u00e1bado (dia 26), j\u00e1 o treino oficial come\u00e7ar\u00e1 \u00e0s 8 horas do domingo ( dia 27) e a competi\u00e7\u00e3o oficial ser\u00e1 \u00e0s 12 horas(meio dia) tamb\u00e9m do dia 27.<\/p>\n<p>O evento \u00e9 uma realiza\u00e7\u00e3o da Prefeitura Municipal de Para\u00edso das \u00c1guas atrav\u00e9s da Secretaria Municipal de Educa\u00e7\u00e3o, Esporte, Cultura e Lazer e Coordenadoria Municipal de Esportes em conv\u00eanio com a Federa\u00e7\u00e3o Sul-mato-grossense de motociclismo.<\/p>\n<p>Informa\u00e7\u00f5es podem ser obtidas atrav\u00e9s do telefone: 32481317(Sebasti\u00e3o Rodrigues)<\/p>\n<p>&nbsp;<\/p>\n<p>&nbsp;<\/p>\n<p>Assessoria<\/p>\n","protected":false},"excerpt":{"rendered":"<p>Entre os eventos previstos para as festividades do anivers\u00e1rio da cidade, comemorado em 30 de setembro, est\u00e1 a 2\u00aa etapa estadual de motocross, que promete agitar a Para\u00edso das \u00c1guas. De acordo com os organizadores do campeonato, \u00e9 esperado um p\u00fablico de aproximadamente 85 motoqueiros e as categorias disputadas ser\u00e3o: MX1,MX2,MX3 E MX nacional. O [&hellip;]<\/p>\n","protected":false},"author":4,"featured_media":11114,"comment_status":"closed","ping_status":"closed","sticky":false,"template":"","format":"standard","meta":{"footnotes":""},"categories":[36],"tags":[],"class_list":["post-11113","post","type-post","status-publish","format-standard","has-post-thumbnail","hentry","category-paraiso-das-aguas"],"_links":{"self":[{"href":"https:\/\/www.ocorreionews.com.br\/acervo-correio\/index.php?rest_route=\/wp\/v2\/posts\/11113","targetHints":{"allow":["GET"]}}],"collection":[{"href":"https:\/\/www.ocorreionews.com.br\/acervo-correio\/index.php?rest_route=\/wp\/v2\/posts"}],"about":[{"href":"https:\/\/www.ocorreionews.com.br\/acervo-correio\/index.php?rest_route=\/wp\/v2\/types\/post"}],"author":[{"embeddable":true,"href":"https:\/\/www.ocorreionews.com.br\/acervo-correio\/index.php?rest_route=\/wp\/v2\/users\/4"}],"replies":[{"embeddable":true,"href":"https:\/\/www.ocorreionews.com.br\/acervo-correio\/index.php?rest_route=%2Fwp%2Fv2%2Fcomments&post=11113"}],"version-history":[{"count":0,"href":"https:\/\/www.ocorreionews.com.br\/acervo-correio\/index.php?rest_route=\/wp\/v2\/posts\/11113\/revisions"}],"wp:featuredmedia":[{"embeddable":true,"href":"https:\/\/www.ocorreionews.com.br\/acervo-correio\/index.php?rest_route=\/wp\/v2\/media\/11114"}],"wp:attachment":[{"href":"https:\/\/www.ocorreionews.com.br\/acervo-correio\/index.php?rest_route=%2Fwp%2Fv2%2Fmedia&parent=11113"}],"wp:term":[{"taxonomy":"category","embeddable":true,"href":"https:\/\/www.ocorreionews.com.br\/acervo-correio\/index.php?rest_route=%2Fwp%2Fv2%2Fcategories&post=11113"},{"taxonomy":"post_tag","embeddable":true,"href":"https:\/\/www.ocorreionews.com.br\/acervo-correio\/index.php?rest_route=%2Fwp%2Fv2%2Ftags&post=11113"}],"curies":[{"name":"wp","href":"https:\/\/api.w.org\/{rel}","templated":true}]}}