{"id":11627,"date":"2015-09-29T17:04:31","date_gmt":"2015-09-29T21:04:31","guid":{"rendered":"https:\/\/ocorreionews.com.br\/?p=11627"},"modified":"2015-09-29T17:06:01","modified_gmt":"2015-09-29T21:06:01","slug":"policia-militar-prende-um-dos-suspeitos-do-assalto-ao-proprietario-da-loterica","status":"publish","type":"post","link":"https:\/\/www.ocorreionews.com.br\/acervo-correio\/?p=11627","title":{"rendered":"Pol\u00edcia Militar prende um dos suspeitos do assalto ao propriet\u00e1rio da lot\u00e9rica"},"content":{"rendered":"<p style=\"text-align: justify;\">PARANAIBA- Na tarde desta segunda-feira (28), por volta das 14h, uma equipe da For\u00e7a T\u00e1tica da Pol\u00edcia Militar de Parana\u00edba logrou \u00eaxito em efetuar a pris\u00e3o de Eduardo Oliveira Assaoa, 25 anos, tr\u00e1fico de drogas e por ser o principal suspeito de ter praticado o assalto ao propriet\u00e1rio da lot\u00e9rica, minutos antes.<\/p>\n<p style=\"text-align: justify;\">Ap\u00f3s receberem a informa\u00e7\u00e3o sobre o roubo a m\u00e3o armada, ocorrido na rua Cassil\u00e2ndia, no Santo Ant\u00f4nio, a equipe da for\u00e7a t\u00e1tica da PM passou a realizar dilig\u00eancias pela regi\u00e3o. No momento em que diligenciavam pela rua Etelvina Gabriela de Jesus, no Industrial De Lourdes, ao se aproximarem de uma resid\u00eancia onde existiam den\u00fancias de se tratar de um ponto de venda de drogas, visualizaram o propriet\u00e1rio da resid\u00eancia comercializando dois inv\u00f3lucros de crack com outro homem. Imediatamente os policiais fizeram a aproxima\u00e7\u00e3o, momento em que visualizaram um homem deixando o referido local rapidamente em uma motocicleta grande, semelhante \u00e0 utilizada no roubo, n\u00e3o sendo poss\u00edvel realizar a abordagem.<\/p>\n<p style=\"text-align: justify;\">Os policiais abordaram o indiv\u00edduo que havia pegado algo das m\u00e3os de Eduardo na resid\u00eancia, e foi constatado que se tratava de duas trouxinhas de crack. Ao ser questionado, o indiv\u00edduo confessou que havia comprado as drogas de Eduardo.<\/p>\n<figure id=\"attachment_11629\" aria-describedby=\"caption-attachment-11629\" style=\"width: 531px\" class=\"wp-caption alignnone\"><a href=\"https:\/\/ocorreionews.com.br\/wp-content\/uploads\/2015\/09\/eduardo-logo.jpg\"><img loading=\"lazy\" decoding=\"async\" class=\"wp-image-11629\" src=\"https:\/\/ocorreionews.com.br\/wp-content\/uploads\/2015\/09\/eduardo-logo.jpg\" alt=\"\" width=\"531\" height=\"531\" srcset=\"https:\/\/www.ocorreionews.com.br\/acervo-correio\/wp-content\/uploads\/2015\/09\/eduardo-logo.jpg 710w, https:\/\/www.ocorreionews.com.br\/acervo-correio\/wp-content\/uploads\/2015\/09\/eduardo-logo-150x150.jpg 150w, https:\/\/www.ocorreionews.com.br\/acervo-correio\/wp-content\/uploads\/2015\/09\/eduardo-logo-300x300.jpg 300w\" sizes=\"auto, (max-width: 531px) 100vw, 531px\" \/><\/a><figcaption id=\"caption-attachment-11629\" class=\"wp-caption-text\">Eduardo Logo<\/figcaption><\/figure>\n<p style=\"text-align: justify;\">Diante da situa\u00e7\u00e3o de flagrante de tr\u00e1fico de drogas e de suspeita de participa\u00e7\u00e3o do Eduardo no roubo, os policiais adentraram a resid\u00eancia e, durante as buscas, localizaram dois inv\u00f3lucros de crack, al\u00e9m de v\u00e1rias c\u00e9dulas de dinheiro de diversos valores, tamb\u00e9m anota\u00e7\u00f5es cont\u00e1beis referentes ao tr\u00e1fico de drogas, material para o preparo e embalo de droga.<\/p>\n<p>Ainda foi encontrado pelos policiais na resid\u00eancia, dentro de uma agenda telef\u00f4nica, um rascunho de um mapa da casa lot\u00e9rica, na qual o propriet\u00e1rio havia sido assaltado momentos antes.<\/p>\n<p><img loading=\"lazy\" decoding=\"async\" class=\"\" src=\"http:\/\/www.jornaltribunalivre.com\/v3\/uploads\/Fotos\/12036595_390504791160805_5914450660480123692_n.jpg\" alt=\"\" width=\"537\" height=\"403\" \/><\/p>\n<p>Diante dos fatos, foi dada voz de pris\u00e3o a Eduardo e em seguida foi encaminhado \u00e0 Delegacia de Pol\u00edcia Civil para as devidas provid\u00eancias.<\/p>\n<p><strong>Robson Tavares<\/strong> &#8211; Jornal tribuna livre<\/p>\n","protected":false},"excerpt":{"rendered":"<p>PARANAIBA- Na tarde desta segunda-feira (28), por volta das 14h, uma equipe da For\u00e7a T\u00e1tica da Pol\u00edcia Militar de Parana\u00edba logrou \u00eaxito em efetuar a pris\u00e3o de Eduardo Oliveira Assaoa, 25 anos, tr\u00e1fico de drogas e por ser o principal suspeito de ter praticado o assalto ao propriet\u00e1rio da lot\u00e9rica, minutos antes. Ap\u00f3s receberem a [&hellip;]<\/p>\n","protected":false},"author":4,"featured_media":11628,"comment_status":"closed","ping_status":"closed","sticky":false,"template":"","format":"standard","meta":{"footnotes":""},"categories":[38],"tags":[],"class_list":["post-11627","post","type-post","status-publish","format-standard","has-post-thumbnail","hentry","category-policia"],"_links":{"self":[{"href":"https:\/\/www.ocorreionews.com.br\/acervo-correio\/index.php?rest_route=\/wp\/v2\/posts\/11627","targetHints":{"allow":["GET"]}}],"collection":[{"href":"https:\/\/www.ocorreionews.com.br\/acervo-correio\/index.php?rest_route=\/wp\/v2\/posts"}],"about":[{"href":"https:\/\/www.ocorreionews.com.br\/acervo-correio\/index.php?rest_route=\/wp\/v2\/types\/post"}],"author":[{"embeddable":true,"href":"https:\/\/www.ocorreionews.com.br\/acervo-correio\/index.php?rest_route=\/wp\/v2\/users\/4"}],"replies":[{"embeddable":true,"href":"https:\/\/www.ocorreionews.com.br\/acervo-correio\/index.php?rest_route=%2Fwp%2Fv2%2Fcomments&post=11627"}],"version-history":[{"count":0,"href":"https:\/\/www.ocorreionews.com.br\/acervo-correio\/index.php?rest_route=\/wp\/v2\/posts\/11627\/revisions"}],"wp:featuredmedia":[{"embeddable":true,"href":"https:\/\/www.ocorreionews.com.br\/acervo-correio\/index.php?rest_route=\/wp\/v2\/media\/11628"}],"wp:attachment":[{"href":"https:\/\/www.ocorreionews.com.br\/acervo-correio\/index.php?rest_route=%2Fwp%2Fv2%2Fmedia&parent=11627"}],"wp:term":[{"taxonomy":"category","embeddable":true,"href":"https:\/\/www.ocorreionews.com.br\/acervo-correio\/index.php?rest_route=%2Fwp%2Fv2%2Fcategories&post=11627"},{"taxonomy":"post_tag","embeddable":true,"href":"https:\/\/www.ocorreionews.com.br\/acervo-correio\/index.php?rest_route=%2Fwp%2Fv2%2Ftags&post=11627"}],"curies":[{"name":"wp","href":"https:\/\/api.w.org\/{rel}","templated":true}]}}