{"id":11682,"date":"2015-09-30T13:24:55","date_gmt":"2015-09-30T17:24:55","guid":{"rendered":"https:\/\/ocorreionews.com.br\/?p=11682"},"modified":"2015-10-01T09:49:59","modified_gmt":"2015-10-01T13:49:59","slug":"saude-de-costa-rica-apresenta-novos-resultados-durante-audiencia-publica","status":"publish","type":"post","link":"https:\/\/www.ocorreionews.com.br\/acervo-correio\/?p=11682","title":{"rendered":"Sa\u00fade de Costa Rica apresenta novos resultados durante Audi\u00eancia P\u00fablica"},"content":{"rendered":"<div class=\"marginBottom30px link-Internas\">\n<p>O uso de recursos na gest\u00e3o da Sa\u00fade em Costa Rica \u2013 MS foi tema da Audi\u00eancia P\u00fablica realizada na manh\u00e3 da \u00faltima segunda-feira, 28 de setembro, na C\u00e2mara Municipal de Vereadores. Durante o encontro foram apresentados n\u00fameros relativos a aplica\u00e7\u00e3o dos recursos p\u00fablicos com a\u00e7\u00f5es e programas da sa\u00fade durante o 2\u00ba quadrimestre de 2015.<\/p>\n<p>Indicadores da cobertura do atendimento da Aten\u00e7\u00e3o B\u00e1sica e da Vigil\u00e2ncia em Sa\u00fade foram abordados e discutidos, buscando aperfei\u00e7oamento das a\u00e7\u00f5es. A secret\u00e1ria Adriana Tobal abriu o evento destacando a import\u00e2ncia dos profissionais da sa\u00fade do Munic\u00edpio. &#8220;Temos em Costa Rica uma equipe excelente, que \u00e9 uma das grandes respons\u00e1veis por atingirmos tantas metas de forma positiva&#8221;, disse.<\/p>\n<p>Adriana Tobal tamb\u00e9m apresentou os n\u00fameros dos atendimentos e dos servi\u00e7os oferecidos pelos setores da pasta que ela administra. \u201cApresentamos receitas, despesas, a\u00e7\u00f5es desenvolvidas pela Secretaria, al\u00e9m de resultados indicadores da sa\u00fade, descriminando o n\u00famero de atendimentos dos diversos setores\u201d.<\/p>\n<p>Entre os dados apresentados estavam \u00e0 cobertura de 100% da popula\u00e7\u00e3o com as a\u00e7\u00f5es de cuidados com a sa\u00fade bucal e com a aten\u00e7\u00e3o prim\u00e1ria \u00e0 Sa\u00fade &#8211; um conjunto de a\u00e7\u00f5es, no \u00e2mbito individual e coletivo, que abrangem a promo\u00e7\u00e3o e a prote\u00e7\u00e3o da sa\u00fade.<\/p>\n<p>A sess\u00e3o foi realizada na C\u00e2mara de Costa Rica \u2013 MS e foi aberta pelo presidente da Casa, vereador Jos\u00e9 Augusto Maia Vasconcellos que lembrou que a audi\u00eancia acontecia de forma extempor\u00e2nea. O secret\u00e1rio Municipal de Administra\u00e7\u00e3o e Finan\u00e7as, Paulo Renato Andriani participou da composi\u00e7\u00e3o da mesa no ato representando o prefeito Waldeli dos Santos Rosa. A audi\u00eancia tamb\u00e9m contou com a presen\u00e7a de gestores municipais, parlamentares e da popula\u00e7\u00e3o em geral.<\/p>\n<p><a href=\"https:\/\/ocorreionews.com.br\/wp-content\/uploads\/2015\/09\/audiencia-saude-cr-2.jpg\"><img loading=\"lazy\" decoding=\"async\" class=\"alignnone size-full wp-image-11683\" src=\"https:\/\/ocorreionews.com.br\/wp-content\/uploads\/2015\/09\/audiencia-saude-cr-2.jpg\" alt=\"audiencia saude cr 2\" width=\"800\" height=\"534\" srcset=\"https:\/\/www.ocorreionews.com.br\/acervo-correio\/wp-content\/uploads\/2015\/09\/audiencia-saude-cr-2.jpg 800w, https:\/\/www.ocorreionews.com.br\/acervo-correio\/wp-content\/uploads\/2015\/09\/audiencia-saude-cr-2-300x200.jpg 300w\" sizes=\"auto, (max-width: 800px) 100vw, 800px\" \/><\/a><\/p>\n<\/div>\n<div class=\"marginBottom30px link-Internas\">ASSECOM\/PMCR<\/div>\n","protected":false},"excerpt":{"rendered":"<p>O uso de recursos na gest\u00e3o da Sa\u00fade em Costa Rica \u2013 MS foi tema da Audi\u00eancia P\u00fablica realizada na manh\u00e3 da \u00faltima segunda-feira, 28 de setembro, na C\u00e2mara Municipal de Vereadores. Durante o encontro foram apresentados n\u00fameros relativos a aplica\u00e7\u00e3o dos recursos p\u00fablicos com a\u00e7\u00f5es e programas da sa\u00fade durante o 2\u00ba quadrimestre de [&hellip;]<\/p>\n","protected":false},"author":4,"featured_media":11684,"comment_status":"closed","ping_status":"closed","sticky":false,"template":"","format":"standard","meta":{"footnotes":""},"categories":[25],"tags":[],"class_list":["post-11682","post","type-post","status-publish","format-standard","has-post-thumbnail","hentry","category-costa-rica"],"_links":{"self":[{"href":"https:\/\/www.ocorreionews.com.br\/acervo-correio\/index.php?rest_route=\/wp\/v2\/posts\/11682","targetHints":{"allow":["GET"]}}],"collection":[{"href":"https:\/\/www.ocorreionews.com.br\/acervo-correio\/index.php?rest_route=\/wp\/v2\/posts"}],"about":[{"href":"https:\/\/www.ocorreionews.com.br\/acervo-correio\/index.php?rest_route=\/wp\/v2\/types\/post"}],"author":[{"embeddable":true,"href":"https:\/\/www.ocorreionews.com.br\/acervo-correio\/index.php?rest_route=\/wp\/v2\/users\/4"}],"replies":[{"embeddable":true,"href":"https:\/\/www.ocorreionews.com.br\/acervo-correio\/index.php?rest_route=%2Fwp%2Fv2%2Fcomments&post=11682"}],"version-history":[{"count":0,"href":"https:\/\/www.ocorreionews.com.br\/acervo-correio\/index.php?rest_route=\/wp\/v2\/posts\/11682\/revisions"}],"wp:featuredmedia":[{"embeddable":true,"href":"https:\/\/www.ocorreionews.com.br\/acervo-correio\/index.php?rest_route=\/wp\/v2\/media\/11684"}],"wp:attachment":[{"href":"https:\/\/www.ocorreionews.com.br\/acervo-correio\/index.php?rest_route=%2Fwp%2Fv2%2Fmedia&parent=11682"}],"wp:term":[{"taxonomy":"category","embeddable":true,"href":"https:\/\/www.ocorreionews.com.br\/acervo-correio\/index.php?rest_route=%2Fwp%2Fv2%2Fcategories&post=11682"},{"taxonomy":"post_tag","embeddable":true,"href":"https:\/\/www.ocorreionews.com.br\/acervo-correio\/index.php?rest_route=%2Fwp%2Fv2%2Ftags&post=11682"}],"curies":[{"name":"wp","href":"https:\/\/api.w.org\/{rel}","templated":true}]}}