{"id":11686,"date":"2015-09-30T13:38:51","date_gmt":"2015-09-30T17:38:51","guid":{"rendered":"https:\/\/ocorreionews.com.br\/?p=11686"},"modified":"2015-09-30T13:38:51","modified_gmt":"2015-09-30T17:38:51","slug":"notti-prende-tres-pessoas-por-envolvimento-com-drogas-em-chapadao-do-sul","status":"publish","type":"post","link":"https:\/\/www.ocorreionews.com.br\/acervo-correio\/?p=11686","title":{"rendered":"Notti prende tr\u00eas pessoas por envolvimento com drogas em Chapad\u00e3o do Sul"},"content":{"rendered":"<p>Policiais do NOTII (N\u00facleo de Opera\u00e7\u00f5es T\u00e1ticas\u00a0 e Investiga\u00e7\u00f5es do Interior) prenderam duas pessoas num endere\u00e7o da rua Dos L\u00edrios bairro Flamboyant em Chapad\u00e3o do Sul, por envolvimento com drogas. Um p\u00e9 de maconha colhido recentemente foi aprendido, juntamente com um pote com sementes para o replantio do entorpecente. Uma bala intacta tamb\u00e9m estava no interior da casa, num recipiente usado para armazenar as sementes. O ingresso na resid\u00eancia se deu ap\u00f3s Mandado de Busca e Apreens\u00e3o determinado pelo Poder Judici\u00e1rio.<\/p>\n<p>A Pol\u00edcia Civil est\u00e1 ouvindo as duas as pessoas presas em flagrante, incluindo o propriet\u00e1rio do im\u00f3vel que foi escoltado \u00e0 delegacia. N\u00e3o foi informado os detalhes da investiga\u00e7\u00e3o que resultou na pris\u00e3o ou na descoberta da maconha naquele local. Quando o Boletim de Ocorr\u00eancias for fechado traremos mais informa\u00e7\u00f5es<\/p>\n<figure id=\"attachment_11689\" aria-describedby=\"caption-attachment-11689\" style=\"width: 455px\" class=\"wp-caption alignnone\"><a href=\"https:\/\/ocorreionews.com.br\/wp-content\/uploads\/2015\/09\/presosnottipedemaconha30-09.jpg\"><img loading=\"lazy\" decoding=\"async\" class=\"wp-image-11689 size-full\" src=\"https:\/\/ocorreionews.com.br\/wp-content\/uploads\/2015\/09\/presosnottipedemaconha30-09.jpg\" alt=\"presosnottipedemaconha30-09\" width=\"455\" height=\"473\" srcset=\"https:\/\/www.ocorreionews.com.br\/acervo-correio\/wp-content\/uploads\/2015\/09\/presosnottipedemaconha30-09.jpg 455w, https:\/\/www.ocorreionews.com.br\/acervo-correio\/wp-content\/uploads\/2015\/09\/presosnottipedemaconha30-09-289x300.jpg 289w\" sizes=\"auto, (max-width: 455px) 100vw, 455px\" \/><\/a><figcaption id=\"caption-attachment-11689\" class=\"wp-caption-text\">P\u00e9 de maconha colhido<\/figcaption><\/figure>\n<figure id=\"attachment_11690\" aria-describedby=\"caption-attachment-11690\" style=\"width: 420px\" class=\"wp-caption alignnone\"><a href=\"https:\/\/ocorreionews.com.br\/wp-content\/uploads\/2015\/09\/presosnottipedemuni\u00e7\u00e3o30-09.png\"><img loading=\"lazy\" decoding=\"async\" class=\"wp-image-11690 size-full\" src=\"https:\/\/ocorreionews.com.br\/wp-content\/uploads\/2015\/09\/presosnottipedemuni\u00e7\u00e3o30-09.png\" alt=\"presosnottipedemuni\u00e7\u00e3o30-09\" width=\"420\" height=\"415\" srcset=\"https:\/\/www.ocorreionews.com.br\/acervo-correio\/wp-content\/uploads\/2015\/09\/presosnottipedemuni\u00e7\u00e3o30-09.png 420w, https:\/\/www.ocorreionews.com.br\/acervo-correio\/wp-content\/uploads\/2015\/09\/presosnottipedemuni\u00e7\u00e3o30-09-300x296.png 300w\" sizes=\"auto, (max-width: 420px) 100vw, 420px\" \/><\/a><figcaption id=\"caption-attachment-11690\" class=\"wp-caption-text\">Muni\u00e7\u00e3o de revolver e sementes de maconha<\/figcaption><\/figure>\n<p><a href=\"https:\/\/ocorreionews.com.br\/wp-content\/uploads\/2015\/09\/presosnottimaconha30-09.png\"><img loading=\"lazy\" decoding=\"async\" class=\"alignnone size-full wp-image-11688\" src=\"https:\/\/ocorreionews.com.br\/wp-content\/uploads\/2015\/09\/presosnottimaconha30-09.png\" alt=\"presosnottimaconha30-09\" width=\"421\" height=\"420\" srcset=\"https:\/\/www.ocorreionews.com.br\/acervo-correio\/wp-content\/uploads\/2015\/09\/presosnottimaconha30-09.png 421w, https:\/\/www.ocorreionews.com.br\/acervo-correio\/wp-content\/uploads\/2015\/09\/presosnottimaconha30-09-150x150.png 150w, https:\/\/www.ocorreionews.com.br\/acervo-correio\/wp-content\/uploads\/2015\/09\/presosnottimaconha30-09-300x300.png 300w\" sizes=\"auto, (max-width: 421px) 100vw, 421px\" \/><\/a><\/p>\n<p>&nbsp;<\/p>\n<p>Fonte: Cesar Rodrigues Chapadense News<\/p>\n","protected":false},"excerpt":{"rendered":"<p>Policiais do NOTII (N\u00facleo de Opera\u00e7\u00f5es T\u00e1ticas\u00a0 e Investiga\u00e7\u00f5es do Interior) prenderam duas pessoas num endere\u00e7o da rua Dos L\u00edrios bairro Flamboyant em Chapad\u00e3o do Sul, por envolvimento com drogas. Um p\u00e9 de maconha colhido recentemente foi aprendido, juntamente com um pote com sementes para o replantio do entorpecente. Uma bala intacta tamb\u00e9m estava no [&hellip;]<\/p>\n","protected":false},"author":4,"featured_media":11691,"comment_status":"closed","ping_status":"closed","sticky":false,"template":"","format":"standard","meta":{"footnotes":""},"categories":[23,38],"tags":[],"class_list":["post-11686","post","type-post","status-publish","format-standard","has-post-thumbnail","hentry","category-chapadao-do-sul","category-policia"],"_links":{"self":[{"href":"https:\/\/www.ocorreionews.com.br\/acervo-correio\/index.php?rest_route=\/wp\/v2\/posts\/11686","targetHints":{"allow":["GET"]}}],"collection":[{"href":"https:\/\/www.ocorreionews.com.br\/acervo-correio\/index.php?rest_route=\/wp\/v2\/posts"}],"about":[{"href":"https:\/\/www.ocorreionews.com.br\/acervo-correio\/index.php?rest_route=\/wp\/v2\/types\/post"}],"author":[{"embeddable":true,"href":"https:\/\/www.ocorreionews.com.br\/acervo-correio\/index.php?rest_route=\/wp\/v2\/users\/4"}],"replies":[{"embeddable":true,"href":"https:\/\/www.ocorreionews.com.br\/acervo-correio\/index.php?rest_route=%2Fwp%2Fv2%2Fcomments&post=11686"}],"version-history":[{"count":0,"href":"https:\/\/www.ocorreionews.com.br\/acervo-correio\/index.php?rest_route=\/wp\/v2\/posts\/11686\/revisions"}],"wp:featuredmedia":[{"embeddable":true,"href":"https:\/\/www.ocorreionews.com.br\/acervo-correio\/index.php?rest_route=\/wp\/v2\/media\/11691"}],"wp:attachment":[{"href":"https:\/\/www.ocorreionews.com.br\/acervo-correio\/index.php?rest_route=%2Fwp%2Fv2%2Fmedia&parent=11686"}],"wp:term":[{"taxonomy":"category","embeddable":true,"href":"https:\/\/www.ocorreionews.com.br\/acervo-correio\/index.php?rest_route=%2Fwp%2Fv2%2Fcategories&post=11686"},{"taxonomy":"post_tag","embeddable":true,"href":"https:\/\/www.ocorreionews.com.br\/acervo-correio\/index.php?rest_route=%2Fwp%2Fv2%2Ftags&post=11686"}],"curies":[{"name":"wp","href":"https:\/\/api.w.org\/{rel}","templated":true}]}}