{"id":11696,"date":"2015-09-30T14:59:20","date_gmt":"2015-09-30T18:59:20","guid":{"rendered":"https:\/\/ocorreionews.com.br\/?p=11696"},"modified":"2015-09-30T14:59:20","modified_gmt":"2015-09-30T18:59:20","slug":"vereadores-participam-de-comemoracoes-do-aniversario-de-paraiso-das-aguas","status":"publish","type":"post","link":"https:\/\/www.ocorreionews.com.br\/acervo-correio\/?p=11696","title":{"rendered":"Vereadores participam de comemora\u00e7\u00f5es do anivers\u00e1rio de Para\u00edso das \u00c1guas"},"content":{"rendered":"<p>Na \u00faltima semana foram realizadas as festividades de comemora\u00e7\u00e3o ao anivers\u00e1rio do vizinho munic\u00edpio de Para\u00edso das \u00c1guas, no s\u00e1bado (26) os vereadores Elton Silva, Rosemari Cruz e Teacher Wagner estiveram presentes representando o Poder Legislativo de Chapad\u00e3o do Sul. O evento contou v\u00e1rias atividades, uma delas a apresenta\u00e7\u00e3o de bandas e fanfarras convidadas, inclusive a Banda de Chapad\u00e3o do Sul.<\/p>\n<p>O prefeito da Cidade, Ivan Xixi, afirmou estar contente com a presen\u00e7a dos vereadores de Chapad\u00e3o do Sul, uma vez que os munic\u00edpios trabalham em parceria em v\u00e1rias a\u00e7\u00f5es. Segundo o vereador Teacher Wagner, estar presente nestes eventos \u00e9 importante para refor\u00e7ar os la\u00e7os fraternos entre as duas cidades.<\/p>\n<p>No domingo (27) houve a visita e inaugura\u00e7\u00e3o a v\u00e1rias obras no munic\u00edpio, e contou inclusive com a presen\u00e7a do Governador Reinaldo Azambuja, onde esteve presente o vereador Abel Lemes que acompanhou o chefe do executivo estadual na visita ao munic\u00edpio mais jovem do estado.<\/p>\n<p>Estiveram presentes ainda os Deputados Junior Mocchi, Professor Rinaldo e ainda o Senador Moka.<\/p>\n<p>&nbsp;<\/p>\n<p><a href=\"https:\/\/ocorreionews.com.br\/wp-content\/uploads\/2015\/09\/vereadores-aniversario-paraiso-capa.jpg\"><img loading=\"lazy\" decoding=\"async\" class=\"alignnone size-full wp-image-11699\" src=\"https:\/\/ocorreionews.com.br\/wp-content\/uploads\/2015\/09\/vereadores-aniversario-paraiso-capa.jpg\" alt=\"vereadores aniversario paraiso capa\" width=\"669\" height=\"446\" srcset=\"https:\/\/www.ocorreionews.com.br\/acervo-correio\/wp-content\/uploads\/2015\/09\/vereadores-aniversario-paraiso-capa.jpg 669w, https:\/\/www.ocorreionews.com.br\/acervo-correio\/wp-content\/uploads\/2015\/09\/vereadores-aniversario-paraiso-capa-300x200.jpg 300w\" sizes=\"auto, (max-width: 669px) 100vw, 669px\" \/><\/a> <a href=\"https:\/\/ocorreionews.com.br\/wp-content\/uploads\/2015\/09\/vereadores-aniversario-paraiso-3.jpg\"><img loading=\"lazy\" decoding=\"async\" class=\"alignnone size-full wp-image-11698\" src=\"https:\/\/ocorreionews.com.br\/wp-content\/uploads\/2015\/09\/vereadores-aniversario-paraiso-3.jpg\" alt=\"vereadores aniversario paraiso 3\" width=\"669\" height=\"446\" srcset=\"https:\/\/www.ocorreionews.com.br\/acervo-correio\/wp-content\/uploads\/2015\/09\/vereadores-aniversario-paraiso-3.jpg 669w, https:\/\/www.ocorreionews.com.br\/acervo-correio\/wp-content\/uploads\/2015\/09\/vereadores-aniversario-paraiso-3-300x200.jpg 300w\" sizes=\"auto, (max-width: 669px) 100vw, 669px\" \/><\/a> <a href=\"https:\/\/ocorreionews.com.br\/wp-content\/uploads\/2015\/09\/vereadores-aniversario-paraiso-2.jpg\"><img loading=\"lazy\" decoding=\"async\" class=\"alignnone size-full wp-image-11697\" src=\"https:\/\/ocorreionews.com.br\/wp-content\/uploads\/2015\/09\/vereadores-aniversario-paraiso-2.jpg\" alt=\"vereadores aniversario paraiso 2\" width=\"595\" height=\"446\" srcset=\"https:\/\/www.ocorreionews.com.br\/acervo-correio\/wp-content\/uploads\/2015\/09\/vereadores-aniversario-paraiso-2.jpg 595w, https:\/\/www.ocorreionews.com.br\/acervo-correio\/wp-content\/uploads\/2015\/09\/vereadores-aniversario-paraiso-2-300x225.jpg 300w, https:\/\/www.ocorreionews.com.br\/acervo-correio\/wp-content\/uploads\/2015\/09\/vereadores-aniversario-paraiso-2-100x75.jpg 100w\" sizes=\"auto, (max-width: 595px) 100vw, 595px\" \/><\/a><\/p>\n<p>Assessoria C\u00e2mara<\/p>\n","protected":false},"excerpt":{"rendered":"<p>Na \u00faltima semana foram realizadas as festividades de comemora\u00e7\u00e3o ao anivers\u00e1rio do vizinho munic\u00edpio de Para\u00edso das \u00c1guas, no s\u00e1bado (26) os vereadores Elton Silva, Rosemari Cruz e Teacher Wagner estiveram presentes representando o Poder Legislativo de Chapad\u00e3o do Sul. O evento contou v\u00e1rias atividades, uma delas a apresenta\u00e7\u00e3o de bandas e fanfarras convidadas, inclusive [&hellip;]<\/p>\n","protected":false},"author":4,"featured_media":11700,"comment_status":"closed","ping_status":"closed","sticky":false,"template":"","format":"standard","meta":{"footnotes":""},"categories":[20,23],"tags":[],"class_list":["post-11696","post","type-post","status-publish","format-standard","has-post-thumbnail","hentry","category-camara-municipal","category-chapadao-do-sul"],"_links":{"self":[{"href":"https:\/\/www.ocorreionews.com.br\/acervo-correio\/index.php?rest_route=\/wp\/v2\/posts\/11696","targetHints":{"allow":["GET"]}}],"collection":[{"href":"https:\/\/www.ocorreionews.com.br\/acervo-correio\/index.php?rest_route=\/wp\/v2\/posts"}],"about":[{"href":"https:\/\/www.ocorreionews.com.br\/acervo-correio\/index.php?rest_route=\/wp\/v2\/types\/post"}],"author":[{"embeddable":true,"href":"https:\/\/www.ocorreionews.com.br\/acervo-correio\/index.php?rest_route=\/wp\/v2\/users\/4"}],"replies":[{"embeddable":true,"href":"https:\/\/www.ocorreionews.com.br\/acervo-correio\/index.php?rest_route=%2Fwp%2Fv2%2Fcomments&post=11696"}],"version-history":[{"count":0,"href":"https:\/\/www.ocorreionews.com.br\/acervo-correio\/index.php?rest_route=\/wp\/v2\/posts\/11696\/revisions"}],"wp:featuredmedia":[{"embeddable":true,"href":"https:\/\/www.ocorreionews.com.br\/acervo-correio\/index.php?rest_route=\/wp\/v2\/media\/11700"}],"wp:attachment":[{"href":"https:\/\/www.ocorreionews.com.br\/acervo-correio\/index.php?rest_route=%2Fwp%2Fv2%2Fmedia&parent=11696"}],"wp:term":[{"taxonomy":"category","embeddable":true,"href":"https:\/\/www.ocorreionews.com.br\/acervo-correio\/index.php?rest_route=%2Fwp%2Fv2%2Fcategories&post=11696"},{"taxonomy":"post_tag","embeddable":true,"href":"https:\/\/www.ocorreionews.com.br\/acervo-correio\/index.php?rest_route=%2Fwp%2Fv2%2Ftags&post=11696"}],"curies":[{"name":"wp","href":"https:\/\/api.w.org\/{rel}","templated":true}]}}