{"id":11702,"date":"2015-09-30T15:01:59","date_gmt":"2015-09-30T19:01:59","guid":{"rendered":"https:\/\/ocorreionews.com.br\/?p=11702"},"modified":"2015-09-30T15:01:59","modified_gmt":"2015-09-30T19:01:59","slug":"camara-municipal-de-chapadao-do-sul-tem-novo-site","status":"publish","type":"post","link":"https:\/\/www.ocorreionews.com.br\/acervo-correio\/?p=11702","title":{"rendered":"C\u00e2mara Municipal de Chapad\u00e3o do Sul tem novo site"},"content":{"rendered":"<p>Foi lan\u00e7ado oficialmente hoje, o novo site do Poder Legislativo de Chapad\u00e3o do Sul, o novo portal segue os novos padr\u00f5es de publica\u00e7\u00e3o e divulga\u00e7\u00e3o de conte\u00fado online. O site conta inclusive com uma vers\u00e3o m\u00f3vel para ser acessada por dispositivos m\u00f3veis, como celulares, tablets entre outros.<\/p>\n<p>Apresentando dificuldades de acesso j\u00e1 h\u00e1 tempos, o antigo portal al\u00e9m de pesado, n\u00e3o era de f\u00e1cil acesso em qualquer plataforma, assim se fez necess\u00e1rio a constru\u00e7\u00e3o de um novo site, mais leve e com mais facilidade de acesso pela popula\u00e7\u00e3o.<\/p>\n<p>Segundo a presidente Sonia Maran, o novo portal tem a fun\u00e7\u00e3o de informar toda a comunidade sobre as a\u00e7\u00f5es dos vereadores e da c\u00e2mara, fazendo assim, uma gest\u00e3o transparente e mais pr\u00f3xima da popula\u00e7\u00e3o.<\/p>\n<p>Atualmente o portal encontra-se nos seus \u00faltimos ajustes, portanto pode apresentar algumas falhas iniciais, desta forma solicitamos a compreens\u00e3o de todos os internautas.<\/p>\n<p>&nbsp;<\/p>\n<p>&nbsp;<\/p>\n<p>Assessoria C\u00e2mara<\/p>\n","protected":false},"excerpt":{"rendered":"<p>Foi lan\u00e7ado oficialmente hoje, o novo site do Poder Legislativo de Chapad\u00e3o do Sul, o novo portal segue os novos padr\u00f5es de publica\u00e7\u00e3o e divulga\u00e7\u00e3o de conte\u00fado online. O site conta inclusive com uma vers\u00e3o m\u00f3vel para ser acessada por dispositivos m\u00f3veis, como celulares, tablets entre outros. Apresentando dificuldades de acesso j\u00e1 h\u00e1 tempos, o [&hellip;]<\/p>\n","protected":false},"author":4,"featured_media":11703,"comment_status":"closed","ping_status":"closed","sticky":false,"template":"","format":"standard","meta":{"footnotes":""},"categories":[20],"tags":[],"class_list":["post-11702","post","type-post","status-publish","format-standard","has-post-thumbnail","hentry","category-camara-municipal"],"_links":{"self":[{"href":"https:\/\/www.ocorreionews.com.br\/acervo-correio\/index.php?rest_route=\/wp\/v2\/posts\/11702","targetHints":{"allow":["GET"]}}],"collection":[{"href":"https:\/\/www.ocorreionews.com.br\/acervo-correio\/index.php?rest_route=\/wp\/v2\/posts"}],"about":[{"href":"https:\/\/www.ocorreionews.com.br\/acervo-correio\/index.php?rest_route=\/wp\/v2\/types\/post"}],"author":[{"embeddable":true,"href":"https:\/\/www.ocorreionews.com.br\/acervo-correio\/index.php?rest_route=\/wp\/v2\/users\/4"}],"replies":[{"embeddable":true,"href":"https:\/\/www.ocorreionews.com.br\/acervo-correio\/index.php?rest_route=%2Fwp%2Fv2%2Fcomments&post=11702"}],"version-history":[{"count":0,"href":"https:\/\/www.ocorreionews.com.br\/acervo-correio\/index.php?rest_route=\/wp\/v2\/posts\/11702\/revisions"}],"wp:featuredmedia":[{"embeddable":true,"href":"https:\/\/www.ocorreionews.com.br\/acervo-correio\/index.php?rest_route=\/wp\/v2\/media\/11703"}],"wp:attachment":[{"href":"https:\/\/www.ocorreionews.com.br\/acervo-correio\/index.php?rest_route=%2Fwp%2Fv2%2Fmedia&parent=11702"}],"wp:term":[{"taxonomy":"category","embeddable":true,"href":"https:\/\/www.ocorreionews.com.br\/acervo-correio\/index.php?rest_route=%2Fwp%2Fv2%2Fcategories&post=11702"},{"taxonomy":"post_tag","embeddable":true,"href":"https:\/\/www.ocorreionews.com.br\/acervo-correio\/index.php?rest_route=%2Fwp%2Fv2%2Ftags&post=11702"}],"curies":[{"name":"wp","href":"https:\/\/api.w.org\/{rel}","templated":true}]}}