{"id":11705,"date":"2015-09-30T15:04:59","date_gmt":"2015-09-30T19:04:59","guid":{"rendered":"https:\/\/ocorreionews.com.br\/?p=11705"},"modified":"2015-09-30T15:04:59","modified_gmt":"2015-09-30T19:04:59","slug":"nesta-quinta-feira-inicia-se-o-outubro-rosa","status":"publish","type":"post","link":"https:\/\/www.ocorreionews.com.br\/acervo-correio\/?p=11705","title":{"rendered":"Nesta quinta-feira inicia-se o Outubro Rosa"},"content":{"rendered":"<p>Outubro \u00e9 o m\u00eas de conscientiza\u00e7\u00e3o ao diagn\u00f3stico precoce do c\u00e2ncer de mama. O Outubro Rosa come\u00e7a amanh\u00e3 onde diversas a\u00e7\u00f5es voltadas para a popula\u00e7\u00e3o feminina ser\u00e3o realizadas em todo pa\u00eds.<\/p>\n<p>Mulheres entre 40 e 65 anos s\u00e3o orientadas a fazer o exame mam\u00f3grafico, para saber se anda tudo bem com a sa\u00fade do corpo, principalmente, na \u00e1rea dos seis onde os ciscos come\u00e7am a se proliferar e causam mais casos da doen\u00e7a.<\/p>\n","protected":false},"excerpt":{"rendered":"<p>Outubro \u00e9 o m\u00eas de conscientiza\u00e7\u00e3o ao diagn\u00f3stico precoce do c\u00e2ncer de mama. O Outubro Rosa come\u00e7a amanh\u00e3 onde diversas a\u00e7\u00f5es voltadas para a popula\u00e7\u00e3o feminina ser\u00e3o realizadas em todo pa\u00eds. Mulheres entre 40 e 65 anos s\u00e3o orientadas a fazer o exame mam\u00f3grafico, para saber se anda tudo bem com a sa\u00fade do corpo, [&hellip;]<\/p>\n","protected":false},"author":4,"featured_media":11706,"comment_status":"closed","ping_status":"closed","sticky":false,"template":"","format":"standard","meta":{"footnotes":""},"categories":[39],"tags":[],"class_list":["post-11705","post","type-post","status-publish","format-standard","has-post-thumbnail","hentry","category-saude"],"_links":{"self":[{"href":"https:\/\/www.ocorreionews.com.br\/acervo-correio\/index.php?rest_route=\/wp\/v2\/posts\/11705","targetHints":{"allow":["GET"]}}],"collection":[{"href":"https:\/\/www.ocorreionews.com.br\/acervo-correio\/index.php?rest_route=\/wp\/v2\/posts"}],"about":[{"href":"https:\/\/www.ocorreionews.com.br\/acervo-correio\/index.php?rest_route=\/wp\/v2\/types\/post"}],"author":[{"embeddable":true,"href":"https:\/\/www.ocorreionews.com.br\/acervo-correio\/index.php?rest_route=\/wp\/v2\/users\/4"}],"replies":[{"embeddable":true,"href":"https:\/\/www.ocorreionews.com.br\/acervo-correio\/index.php?rest_route=%2Fwp%2Fv2%2Fcomments&post=11705"}],"version-history":[{"count":0,"href":"https:\/\/www.ocorreionews.com.br\/acervo-correio\/index.php?rest_route=\/wp\/v2\/posts\/11705\/revisions"}],"wp:featuredmedia":[{"embeddable":true,"href":"https:\/\/www.ocorreionews.com.br\/acervo-correio\/index.php?rest_route=\/wp\/v2\/media\/11706"}],"wp:attachment":[{"href":"https:\/\/www.ocorreionews.com.br\/acervo-correio\/index.php?rest_route=%2Fwp%2Fv2%2Fmedia&parent=11705"}],"wp:term":[{"taxonomy":"category","embeddable":true,"href":"https:\/\/www.ocorreionews.com.br\/acervo-correio\/index.php?rest_route=%2Fwp%2Fv2%2Fcategories&post=11705"},{"taxonomy":"post_tag","embeddable":true,"href":"https:\/\/www.ocorreionews.com.br\/acervo-correio\/index.php?rest_route=%2Fwp%2Fv2%2Ftags&post=11705"}],"curies":[{"name":"wp","href":"https:\/\/api.w.org\/{rel}","templated":true}]}}