{"id":11708,"date":"2015-09-30T15:29:10","date_gmt":"2015-09-30T19:29:10","guid":{"rendered":"https:\/\/ocorreionews.com.br\/?p=11708"},"modified":"2015-09-30T15:29:10","modified_gmt":"2015-09-30T19:29:10","slug":"caminhao-carregado-de-etanol-tomba-e-produto-vaza-na-ms-316-em-costa-rica","status":"publish","type":"post","link":"https:\/\/www.ocorreionews.com.br\/acervo-correio\/?p=11708","title":{"rendered":"Caminh\u00e3o carregado de etanol tomba e produto vaza na MS 316 em Costa Rica"},"content":{"rendered":"<p>Um caminh\u00e3o de combust\u00edvel de Cafel\u00e2ndia \u2013 SP, tombou na manh\u00e3 desta quarta-feira (30), na rodovia MS 316 logo ap\u00f3s o anel vi\u00e1rio.<\/p>\n<p>O motorista, Jairo Moreira Martina contou que atravessou a ponte em 80 km\/h e a \u00faltima carreta quebrou, empurrou a primeira fazendo com que as duas tombassem ao lado da pista. O cavalo do caminh\u00e3o foi parar no meio do mato. Ele estava vindo de Sonora indo a Paul\u00ednia. Jairo saiu ileso sem ferimentos.<\/p>\n<p>O caminh\u00e3o estava carregado com 60 mil litros de etanol. Sendo a primeira com 26.500 litros e a segunda com 33.500 litros. O conte\u00fado est\u00e1 vazando ao lado da pista.<\/p>\n<p>O capit\u00e3o do Corpo de Bombeiros da cidade, Aldinei Peres da Silva, explicou que o conte\u00fado da carreta \u00e9 altamente inflam\u00e1vel, sendo necess\u00e1rio que os bombeiros fiquem no local fazendo a seguran\u00e7a dos que passam e resfriando a carga quando o ambiente est\u00e1 quente.<\/p>\n<p>Ele tamb\u00e9m explicou que o etanol evapora rapidamente com 23\u00baC ent\u00e3o, eles precisam manter a temperatura abaixo disso.<\/p>\n<p>A Pol\u00edcia Militar e Pol\u00edcia Militar Ambiental estiveram no local. A Pol\u00edcia Ambiental juntamente com os Bombeiros fizeram tr\u00eas barreiras de conten\u00e7\u00e3o para que a carga n\u00e3o chegue at\u00e9 o rio.<\/p>\n<p>O motorista e os bombeiros est\u00e3o aguardando o guincho, seguro e caminh\u00f5es para fazer o transbordo da carga, vindos do estado de S\u00e3o Paulo.<\/p>\n<p>Eles tamb\u00e9m aguardam a Secretaria Municipal de Transportes Urbaniza\u00e7\u00e3o e Obras P\u00fablicas (Sesop) para o bloqueio da rodovia para seguran\u00e7a das pessoas que passam pelo local, pois corre risco de uma poss\u00edvel explos\u00e3o.<\/p>\n<p>De acordo com os bombeiros, a retirada completa da carga e do caminh\u00e3o do local ser\u00e1 finalizada em at\u00e9 dois dias.<\/p>\n<p><a href=\"https:\/\/ocorreionews.com.br\/wp-content\/uploads\/2015\/09\/caminhaotanquecr-2.jpg\"><img loading=\"lazy\" decoding=\"async\" class=\"alignnone size-full wp-image-11710\" src=\"https:\/\/ocorreionews.com.br\/wp-content\/uploads\/2015\/09\/caminhaotanquecr-2.jpg\" alt=\"caminhaotanquecr 2\" width=\"800\" height=\"531\" srcset=\"https:\/\/www.ocorreionews.com.br\/acervo-correio\/wp-content\/uploads\/2015\/09\/caminhaotanquecr-2.jpg 800w, https:\/\/www.ocorreionews.com.br\/acervo-correio\/wp-content\/uploads\/2015\/09\/caminhaotanquecr-2-300x199.jpg 300w\" sizes=\"auto, (max-width: 800px) 100vw, 800px\" \/><\/a> <a href=\"https:\/\/ocorreionews.com.br\/wp-content\/uploads\/2015\/09\/caminhaotanquecr-3.jpg\"><img loading=\"lazy\" decoding=\"async\" class=\"alignnone size-full wp-image-11711\" src=\"https:\/\/ocorreionews.com.br\/wp-content\/uploads\/2015\/09\/caminhaotanquecr-3.jpg\" alt=\"caminhaotanquecr 3\" width=\"800\" height=\"531\" srcset=\"https:\/\/www.ocorreionews.com.br\/acervo-correio\/wp-content\/uploads\/2015\/09\/caminhaotanquecr-3.jpg 800w, https:\/\/www.ocorreionews.com.br\/acervo-correio\/wp-content\/uploads\/2015\/09\/caminhaotanquecr-3-300x199.jpg 300w\" sizes=\"auto, (max-width: 800px) 100vw, 800px\" \/><\/a><\/p>\n<p>&nbsp;<\/p>\n<div class=\"clear\"><\/div>\n<div class=\"fonte\">Fonte: MS TODO DIA<\/div>\n","protected":false},"excerpt":{"rendered":"<p>Um caminh\u00e3o de combust\u00edvel de Cafel\u00e2ndia \u2013 SP, tombou na manh\u00e3 desta quarta-feira (30), na rodovia MS 316 logo ap\u00f3s o anel vi\u00e1rio. O motorista, Jairo Moreira Martina contou que atravessou a ponte em 80 km\/h e a \u00faltima carreta quebrou, empurrou a primeira fazendo com que as duas tombassem ao lado da pista. O [&hellip;]<\/p>\n","protected":false},"author":4,"featured_media":11709,"comment_status":"closed","ping_status":"closed","sticky":false,"template":"","format":"standard","meta":{"footnotes":""},"categories":[25,38],"tags":[],"class_list":["post-11708","post","type-post","status-publish","format-standard","has-post-thumbnail","hentry","category-costa-rica","category-policia"],"_links":{"self":[{"href":"https:\/\/www.ocorreionews.com.br\/acervo-correio\/index.php?rest_route=\/wp\/v2\/posts\/11708","targetHints":{"allow":["GET"]}}],"collection":[{"href":"https:\/\/www.ocorreionews.com.br\/acervo-correio\/index.php?rest_route=\/wp\/v2\/posts"}],"about":[{"href":"https:\/\/www.ocorreionews.com.br\/acervo-correio\/index.php?rest_route=\/wp\/v2\/types\/post"}],"author":[{"embeddable":true,"href":"https:\/\/www.ocorreionews.com.br\/acervo-correio\/index.php?rest_route=\/wp\/v2\/users\/4"}],"replies":[{"embeddable":true,"href":"https:\/\/www.ocorreionews.com.br\/acervo-correio\/index.php?rest_route=%2Fwp%2Fv2%2Fcomments&post=11708"}],"version-history":[{"count":0,"href":"https:\/\/www.ocorreionews.com.br\/acervo-correio\/index.php?rest_route=\/wp\/v2\/posts\/11708\/revisions"}],"wp:featuredmedia":[{"embeddable":true,"href":"https:\/\/www.ocorreionews.com.br\/acervo-correio\/index.php?rest_route=\/wp\/v2\/media\/11709"}],"wp:attachment":[{"href":"https:\/\/www.ocorreionews.com.br\/acervo-correio\/index.php?rest_route=%2Fwp%2Fv2%2Fmedia&parent=11708"}],"wp:term":[{"taxonomy":"category","embeddable":true,"href":"https:\/\/www.ocorreionews.com.br\/acervo-correio\/index.php?rest_route=%2Fwp%2Fv2%2Fcategories&post=11708"},{"taxonomy":"post_tag","embeddable":true,"href":"https:\/\/www.ocorreionews.com.br\/acervo-correio\/index.php?rest_route=%2Fwp%2Fv2%2Ftags&post=11708"}],"curies":[{"name":"wp","href":"https:\/\/api.w.org\/{rel}","templated":true}]}}