{"id":12039,"date":"2015-10-05T09:17:31","date_gmt":"2015-10-05T13:17:31","guid":{"rendered":"https:\/\/ocorreionews.com.br\/?p=12039"},"modified":"2015-10-05T09:17:31","modified_gmt":"2015-10-05T13:17:31","slug":"sessao-de-segunda-feira-05-sera-adiada-para-terca-06-que-tera-duas-sessoes","status":"publish","type":"post","link":"https:\/\/www.ocorreionews.com.br\/acervo-correio\/?p=12039","title":{"rendered":"Sess\u00e3o de segunda-feira (05) ser\u00e1 adiada para ter\u00e7a (06) que ter\u00e1 duas sess\u00f5es"},"content":{"rendered":"<p style=\"text-align: justify;\" align=\"center\">A Sess\u00e3o Ordin\u00e1ria de n\u00famero 1078 que seria realizada na \u00faltima segunda-feira (27) e a Sess\u00e3o de n\u00famero 1079 da pr\u00f3xima segunda-feira (05) ser\u00e3o adiadas e realizadas na ter\u00e7a-feira (06), respectivamente as 18h e as 19h. As duas sess\u00f5es tiveram suas datas alteradas em fun\u00e7\u00e3o de compromissos parlamentares dos vereadores na capital, impossibilitando assim a realiza\u00e7\u00e3o das sess\u00f5es nas datas normais.<\/p>\n<p style=\"text-align: justify;\" align=\"center\">\n<p style=\"text-align: justify;\" align=\"center\">\u00a0Segundo a presidente Sonia Maran, a mudan\u00e7a de datas das sess\u00f5es n\u00e3o interfere no bom andamento dos trabalhos dos vereadores.<\/p>\n<p style=\"text-align: justify;\" align=\"center\">\n<p style=\"text-align: justify;\" align=\"center\">\n<p style=\"text-align: justify;\" align=\"center\">Assessoria C\u00e2mara<\/p>\n","protected":false},"excerpt":{"rendered":"<p>A Sess\u00e3o Ordin\u00e1ria de n\u00famero 1078 que seria realizada na \u00faltima segunda-feira (27) e a Sess\u00e3o de n\u00famero 1079 da pr\u00f3xima segunda-feira (05) ser\u00e3o adiadas e realizadas na ter\u00e7a-feira (06), respectivamente as 18h e as 19h. As duas sess\u00f5es tiveram suas datas alteradas em fun\u00e7\u00e3o de compromissos parlamentares dos vereadores na capital, impossibilitando assim a [&hellip;]<\/p>\n","protected":false},"author":4,"featured_media":1813,"comment_status":"closed","ping_status":"closed","sticky":false,"template":"","format":"standard","meta":{"footnotes":""},"categories":[20],"tags":[],"class_list":["post-12039","post","type-post","status-publish","format-standard","has-post-thumbnail","hentry","category-camara-municipal"],"_links":{"self":[{"href":"https:\/\/www.ocorreionews.com.br\/acervo-correio\/index.php?rest_route=\/wp\/v2\/posts\/12039","targetHints":{"allow":["GET"]}}],"collection":[{"href":"https:\/\/www.ocorreionews.com.br\/acervo-correio\/index.php?rest_route=\/wp\/v2\/posts"}],"about":[{"href":"https:\/\/www.ocorreionews.com.br\/acervo-correio\/index.php?rest_route=\/wp\/v2\/types\/post"}],"author":[{"embeddable":true,"href":"https:\/\/www.ocorreionews.com.br\/acervo-correio\/index.php?rest_route=\/wp\/v2\/users\/4"}],"replies":[{"embeddable":true,"href":"https:\/\/www.ocorreionews.com.br\/acervo-correio\/index.php?rest_route=%2Fwp%2Fv2%2Fcomments&post=12039"}],"version-history":[{"count":0,"href":"https:\/\/www.ocorreionews.com.br\/acervo-correio\/index.php?rest_route=\/wp\/v2\/posts\/12039\/revisions"}],"wp:featuredmedia":[{"embeddable":true,"href":"https:\/\/www.ocorreionews.com.br\/acervo-correio\/index.php?rest_route=\/wp\/v2\/media\/1813"}],"wp:attachment":[{"href":"https:\/\/www.ocorreionews.com.br\/acervo-correio\/index.php?rest_route=%2Fwp%2Fv2%2Fmedia&parent=12039"}],"wp:term":[{"taxonomy":"category","embeddable":true,"href":"https:\/\/www.ocorreionews.com.br\/acervo-correio\/index.php?rest_route=%2Fwp%2Fv2%2Fcategories&post=12039"},{"taxonomy":"post_tag","embeddable":true,"href":"https:\/\/www.ocorreionews.com.br\/acervo-correio\/index.php?rest_route=%2Fwp%2Fv2%2Ftags&post=12039"}],"curies":[{"name":"wp","href":"https:\/\/api.w.org\/{rel}","templated":true}]}}