{"id":12044,"date":"2015-10-05T09:30:07","date_gmt":"2015-10-05T13:30:07","guid":{"rendered":"https:\/\/ocorreionews.com.br\/?p=12044"},"modified":"2015-10-05T09:30:07","modified_gmt":"2015-10-05T13:30:07","slug":"produtores-de-ms-ja-venderam-quase-um-terco-da-nova-safra-de-soja","status":"publish","type":"post","link":"https:\/\/www.ocorreionews.com.br\/acervo-correio\/?p=12044","title":{"rendered":"Produtores de MS j\u00e1 venderam quase um ter\u00e7o da nova safra de soja"},"content":{"rendered":"<p>Produtores rurais de Mato Grosso do Sul j\u00e1 venderam antecipadamente, at\u00e9 o dia 25 de setembro, 31,78% da safra 2015\/2016 de soja. A informa\u00e7\u00e3o \u00e9 do Informativo Casa Rural, da Federa\u00e7\u00e3o de Agricultura e Pecu\u00e1ria do estado (Famasul).<\/p>\n<p>Segundo informa\u00e7\u00f5es coletadas pelo Departamento de Produ\u00e7\u00e3o (Depro) da Famasul, historicamente, neste per\u00edodo de in\u00edcio de plantio da nova safra a comercializa\u00e7\u00e3o antecipada oscila entre os<\/p>\n<p>Entretanto, neste ano, a entidade aponta que entre os fatores que explicam esta acelera\u00e7\u00e3o da comercializa\u00e7\u00e3o antecipada\u00a0 da oleaginosa est\u00e1 a volatilidade da taxa de c\u00e2mbio.<\/p>\n<p>A Famasul destaca que os produtores est\u00e3o aproveitando o momento, com o d\u00f3lar em alta para negociar parte significativa da pr\u00f3xima safra, garantindo um bom pre\u00e7o para o produto e se preparado para um futuro incerto da taxa de c\u00e2mbio para o pr\u00f3ximo ano.<\/p>\n<p>A Associa\u00e7\u00e3o dos Produtores de Soja de Mato Grosso do Sul (Aprosoja\/MS) projeta que a safra 2015\/2016 deve superar a marca das 7 milh\u00f5es de toneladas no estado, o que deve representar um crescimento de mais de 3% frente as 6,8 milh\u00f5es de toneladas do ciclo passado.<\/p>\n<p>&nbsp;<\/p>\n<p>&nbsp;<\/p>\n<p>G1 MS<\/p>\n","protected":false},"excerpt":{"rendered":"<p>Produtores rurais de Mato Grosso do Sul j\u00e1 venderam antecipadamente, at\u00e9 o dia 25 de setembro, 31,78% da safra 2015\/2016 de soja. A informa\u00e7\u00e3o \u00e9 do Informativo Casa Rural, da Federa\u00e7\u00e3o de Agricultura e Pecu\u00e1ria do estado (Famasul). Segundo informa\u00e7\u00f5es coletadas pelo Departamento de Produ\u00e7\u00e3o (Depro) da Famasul, historicamente, neste per\u00edodo de in\u00edcio de plantio [&hellip;]<\/p>\n","protected":false},"author":4,"featured_media":12045,"comment_status":"closed","ping_status":"closed","sticky":false,"template":"","format":"standard","meta":{"footnotes":""},"categories":[17],"tags":[],"class_list":["post-12044","post","type-post","status-publish","format-standard","has-post-thumbnail","hentry","category-agropecuaria"],"_links":{"self":[{"href":"https:\/\/www.ocorreionews.com.br\/acervo-correio\/index.php?rest_route=\/wp\/v2\/posts\/12044","targetHints":{"allow":["GET"]}}],"collection":[{"href":"https:\/\/www.ocorreionews.com.br\/acervo-correio\/index.php?rest_route=\/wp\/v2\/posts"}],"about":[{"href":"https:\/\/www.ocorreionews.com.br\/acervo-correio\/index.php?rest_route=\/wp\/v2\/types\/post"}],"author":[{"embeddable":true,"href":"https:\/\/www.ocorreionews.com.br\/acervo-correio\/index.php?rest_route=\/wp\/v2\/users\/4"}],"replies":[{"embeddable":true,"href":"https:\/\/www.ocorreionews.com.br\/acervo-correio\/index.php?rest_route=%2Fwp%2Fv2%2Fcomments&post=12044"}],"version-history":[{"count":0,"href":"https:\/\/www.ocorreionews.com.br\/acervo-correio\/index.php?rest_route=\/wp\/v2\/posts\/12044\/revisions"}],"wp:featuredmedia":[{"embeddable":true,"href":"https:\/\/www.ocorreionews.com.br\/acervo-correio\/index.php?rest_route=\/wp\/v2\/media\/12045"}],"wp:attachment":[{"href":"https:\/\/www.ocorreionews.com.br\/acervo-correio\/index.php?rest_route=%2Fwp%2Fv2%2Fmedia&parent=12044"}],"wp:term":[{"taxonomy":"category","embeddable":true,"href":"https:\/\/www.ocorreionews.com.br\/acervo-correio\/index.php?rest_route=%2Fwp%2Fv2%2Fcategories&post=12044"},{"taxonomy":"post_tag","embeddable":true,"href":"https:\/\/www.ocorreionews.com.br\/acervo-correio\/index.php?rest_route=%2Fwp%2Fv2%2Ftags&post=12044"}],"curies":[{"name":"wp","href":"https:\/\/api.w.org\/{rel}","templated":true}]}}