{"id":12047,"date":"2015-10-05T09:32:23","date_gmt":"2015-10-05T13:32:23","guid":{"rendered":"https:\/\/ocorreionews.com.br\/?p=12047"},"modified":"2015-10-05T09:32:23","modified_gmt":"2015-10-05T13:32:23","slug":"cai-aprovacao-de-azambuja-em-apenas-nove-meses-no-governo","status":"publish","type":"post","link":"https:\/\/www.ocorreionews.com.br\/acervo-correio\/?p=12047","title":{"rendered":"Cai aprova\u00e7\u00e3o de Azambuja em apenas nove meses no Governo"},"content":{"rendered":"<p>A administra\u00e7\u00e3o do governador Reinaldo Azambuja (PSDB) sofreu queda de 27,98 pontos percentuais em apenas nove meses, conforme levantamento do Ipems (Instituto de Pesquisas de Mato Grosso do Sul) realizado entre os dias 15 e 18 de setembro. Em dezembro do ano passado, logo ap\u00f3s sair vitorioso da elei\u00e7\u00e3o, Azambuja possu\u00eda 67,48% da aprova\u00e7\u00e3o dos campo-grandenses. Por\u00e9m atualmente, segundo a pesquisa, apenas 39,50% dos 400 entrevistados qualificaram como \u00f3tima ou boa a gest\u00e3o do governador.<\/p>\n<p>Apesar desta avalia\u00e7\u00e3o ser relativamente menor que a inicial, \u00a0Azambuja j\u00e1 teve dias piores. Em agosto, por exemplo, a aprova\u00e7\u00e3o de seu governo chegou a pontuar 34,25%, isto \u00e9, 5,25 pontos percentuais a mais do que o alcan\u00e7ado no \u00faltimo levantamento. Sua desaprova\u00e7\u00e3o \u00a0neste m\u00eas tamb\u00e9m bateu recorde. Ela chegou aos 21,75%, cerca de 19 pontos a mais do que o registrado no m\u00eas de dezembro, quando o \u00edndice estava em apenas 2,63%.<\/p>\n<p>Aqueles que se mostraram indiferentes ao atual governo pontuaram 51% no m\u00eas passado, mas o pior registro foi feito em fevereiro, quando \u00a0o Ipems levantou que 59,55% dos entrevistados viam com indiferen\u00e7a ou como regular, a administra\u00e7\u00e3o de Azambuja.<\/p>\n<p><a href=\"https:\/\/ocorreionews.com.br\/wp-content\/uploads\/2015\/10\/pesquisa-MS.jpg\"><img loading=\"lazy\" decoding=\"async\" class=\"alignnone size-full wp-image-12048\" src=\"https:\/\/ocorreionews.com.br\/wp-content\/uploads\/2015\/10\/pesquisa-MS.jpg\" alt=\"pesquisa MS\" width=\"629\" height=\"417\" srcset=\"https:\/\/www.ocorreionews.com.br\/acervo-correio\/wp-content\/uploads\/2015\/10\/pesquisa-MS.jpg 629w, https:\/\/www.ocorreionews.com.br\/acervo-correio\/wp-content\/uploads\/2015\/10\/pesquisa-MS-300x199.jpg 300w\" sizes=\"auto, (max-width: 629px) 100vw, 629px\" \/><\/a><\/p>\n<p>Fonte: Correio do Estado<\/p>\n","protected":false},"excerpt":{"rendered":"<p>A administra\u00e7\u00e3o do governador Reinaldo Azambuja (PSDB) sofreu queda de 27,98 pontos percentuais em apenas nove meses, conforme levantamento do Ipems (Instituto de Pesquisas de Mato Grosso do Sul) realizado entre os dias 15 e 18 de setembro. Em dezembro do ano passado, logo ap\u00f3s sair vitorioso da elei\u00e7\u00e3o, Azambuja possu\u00eda 67,48% da aprova\u00e7\u00e3o dos [&hellip;]<\/p>\n","protected":false},"author":4,"featured_media":12048,"comment_status":"closed","ping_status":"closed","sticky":false,"template":"","format":"standard","meta":{"footnotes":""},"categories":[37],"tags":[],"class_list":["post-12047","post","type-post","status-publish","format-standard","has-post-thumbnail","hentry","category-politica"],"_links":{"self":[{"href":"https:\/\/www.ocorreionews.com.br\/acervo-correio\/index.php?rest_route=\/wp\/v2\/posts\/12047","targetHints":{"allow":["GET"]}}],"collection":[{"href":"https:\/\/www.ocorreionews.com.br\/acervo-correio\/index.php?rest_route=\/wp\/v2\/posts"}],"about":[{"href":"https:\/\/www.ocorreionews.com.br\/acervo-correio\/index.php?rest_route=\/wp\/v2\/types\/post"}],"author":[{"embeddable":true,"href":"https:\/\/www.ocorreionews.com.br\/acervo-correio\/index.php?rest_route=\/wp\/v2\/users\/4"}],"replies":[{"embeddable":true,"href":"https:\/\/www.ocorreionews.com.br\/acervo-correio\/index.php?rest_route=%2Fwp%2Fv2%2Fcomments&post=12047"}],"version-history":[{"count":0,"href":"https:\/\/www.ocorreionews.com.br\/acervo-correio\/index.php?rest_route=\/wp\/v2\/posts\/12047\/revisions"}],"wp:featuredmedia":[{"embeddable":true,"href":"https:\/\/www.ocorreionews.com.br\/acervo-correio\/index.php?rest_route=\/wp\/v2\/media\/12048"}],"wp:attachment":[{"href":"https:\/\/www.ocorreionews.com.br\/acervo-correio\/index.php?rest_route=%2Fwp%2Fv2%2Fmedia&parent=12047"}],"wp:term":[{"taxonomy":"category","embeddable":true,"href":"https:\/\/www.ocorreionews.com.br\/acervo-correio\/index.php?rest_route=%2Fwp%2Fv2%2Fcategories&post=12047"},{"taxonomy":"post_tag","embeddable":true,"href":"https:\/\/www.ocorreionews.com.br\/acervo-correio\/index.php?rest_route=%2Fwp%2Fv2%2Ftags&post=12047"}],"curies":[{"name":"wp","href":"https:\/\/api.w.org\/{rel}","templated":true}]}}