{"id":12056,"date":"2015-10-05T10:25:59","date_gmt":"2015-10-05T14:25:59","guid":{"rendered":"https:\/\/ocorreionews.com.br\/?p=12056"},"modified":"2015-10-05T10:25:59","modified_gmt":"2015-10-05T14:25:59","slug":"crianca-de-um-ano-morre-atropelada-por-caminhonete-conduzida-pelo-avo","status":"publish","type":"post","link":"https:\/\/www.ocorreionews.com.br\/acervo-correio\/?p=12056","title":{"rendered":"Crian\u00e7a de um ano morre atropelada por caminhonete conduzida pelo av\u00f4"},"content":{"rendered":"<p>Crian\u00e7a de 1 ano e dois meses morreu na manh\u00e3 desta segunda-feira (5) depois de ser atropelada por uma caminhonete Ranger conduzida pelo pr\u00f3prio av\u00f4, um comerciante de 59 anos. O fato aconteceu \u00e0s 6h50min, em uma resid\u00eancia que fica na Rua Pr\u00edncipe da Paz, Bairro Nova Coxim, na cidade de Coxim. Esta \u00e9 a sexta morte de crian\u00e7a em acidente em menos de 48 horas no Estado.<\/p>\n<p>Conforme o Edi\u00e7\u00e3o de Not\u00edcias, sem que ningu\u00e9m percebesse, a menina entrou embaixo da caminhonete e quando o av\u00f4 deu marcha a r\u00e9 para retirar o ve\u00edculo da garagem atropelou a neta acidentalmente.<\/p>\n<p>Desesperado, o homem socorreu a menina e a levou para o Hospital Regional \u00c1lvaro Fontoura, mas a crian\u00e7a n\u00e3o resistiu e morreu cerca de uma hora depois de dar entrada na unidade de sa\u00fade.<\/p>\n<p>Equipe da Pol\u00edcia Militar (PM) foi acionada e encaminhou o av\u00f4 at\u00e9 a Delegacia de Coxim, onde o caso ser\u00e1 investigado.<\/p>\n<p><strong>OUTROS CASOS<\/strong><\/p>\n<p>Esta \u00e9 a sexta morte de crian\u00e7a em acidente em menos de 48 horas. O primeiro caso aconteceu \u00e0s 10h30min do \u00faltimo s\u00e1bado (3), quando uma caminhonete Hilux aquaplanou na BR-163, em Nova Alvorada do Sul, resultando na morte dos irm\u00e3os Vitor Hugo da Costa, 8 anos e Davi Lucas da Costa, 3 anos.<\/p>\n<p>J\u00e1 no s\u00e1bado \u00e0 noite, os irm\u00e3os Lucas, 12 anos, e Gabriela, 8 anos, morreram em colis\u00e3o frontal envolvendo dois ve\u00edculos de passeio na BR-262, entre \u00c1gua Clara e Ribas do Rio Pardo. Sara Arcanjo de Oliveira, de 7 anos, morreu atropelada por um ve\u00edculo Corolla na noite deste domingo (4), no Distrito de Culturama, em F\u00e1tima do Sul.<\/p>\n<p>&nbsp;<\/p>\n<p>&nbsp;<\/p>\n<p>Correio do Estado<\/p>\n","protected":false},"excerpt":{"rendered":"<p>Crian\u00e7a de 1 ano e dois meses morreu na manh\u00e3 desta segunda-feira (5) depois de ser atropelada por uma caminhonete Ranger conduzida pelo pr\u00f3prio av\u00f4, um comerciante de 59 anos. O fato aconteceu \u00e0s 6h50min, em uma resid\u00eancia que fica na Rua Pr\u00edncipe da Paz, Bairro Nova Coxim, na cidade de Coxim. Esta \u00e9 a [&hellip;]<\/p>\n","protected":false},"author":4,"featured_media":12057,"comment_status":"closed","ping_status":"closed","sticky":false,"template":"","format":"standard","meta":{"footnotes":""},"categories":[38],"tags":[],"class_list":["post-12056","post","type-post","status-publish","format-standard","has-post-thumbnail","hentry","category-policia"],"_links":{"self":[{"href":"https:\/\/www.ocorreionews.com.br\/acervo-correio\/index.php?rest_route=\/wp\/v2\/posts\/12056","targetHints":{"allow":["GET"]}}],"collection":[{"href":"https:\/\/www.ocorreionews.com.br\/acervo-correio\/index.php?rest_route=\/wp\/v2\/posts"}],"about":[{"href":"https:\/\/www.ocorreionews.com.br\/acervo-correio\/index.php?rest_route=\/wp\/v2\/types\/post"}],"author":[{"embeddable":true,"href":"https:\/\/www.ocorreionews.com.br\/acervo-correio\/index.php?rest_route=\/wp\/v2\/users\/4"}],"replies":[{"embeddable":true,"href":"https:\/\/www.ocorreionews.com.br\/acervo-correio\/index.php?rest_route=%2Fwp%2Fv2%2Fcomments&post=12056"}],"version-history":[{"count":0,"href":"https:\/\/www.ocorreionews.com.br\/acervo-correio\/index.php?rest_route=\/wp\/v2\/posts\/12056\/revisions"}],"wp:featuredmedia":[{"embeddable":true,"href":"https:\/\/www.ocorreionews.com.br\/acervo-correio\/index.php?rest_route=\/wp\/v2\/media\/12057"}],"wp:attachment":[{"href":"https:\/\/www.ocorreionews.com.br\/acervo-correio\/index.php?rest_route=%2Fwp%2Fv2%2Fmedia&parent=12056"}],"wp:term":[{"taxonomy":"category","embeddable":true,"href":"https:\/\/www.ocorreionews.com.br\/acervo-correio\/index.php?rest_route=%2Fwp%2Fv2%2Fcategories&post=12056"},{"taxonomy":"post_tag","embeddable":true,"href":"https:\/\/www.ocorreionews.com.br\/acervo-correio\/index.php?rest_route=%2Fwp%2Fv2%2Ftags&post=12056"}],"curies":[{"name":"wp","href":"https:\/\/api.w.org\/{rel}","templated":true}]}}