{"id":12060,"date":"2015-10-05T13:15:15","date_gmt":"2015-10-05T17:15:15","guid":{"rendered":"https:\/\/ocorreionews.com.br\/?p=12060"},"modified":"2015-10-05T13:15:15","modified_gmt":"2015-10-05T17:15:15","slug":"emprego-vagas-abertas-essa-semana-em-chapadao-do-sul","status":"publish","type":"post","link":"https:\/\/www.ocorreionews.com.br\/acervo-correio\/?p=12060","title":{"rendered":"Emprego: Vagas abertas essa semana em Chapad\u00e3o do Sul"},"content":{"rendered":"<div class=\"div-texto\">\n<p>A empresa IACO Agr\u00edcola S\/A divulgou novo boletim com os cargos que est\u00e3o abertos para essa semana.<\/p>\n<p>As vagas de emprego s\u00e3o para profissionais de Chapad\u00e3o do Sul e toda regi\u00e3o.<\/p>\n<p>Vejas as vagas ofertadas:<\/p>\n<p>&nbsp;<\/p>\n<p><strong><em>&#8212;&#8212;&#8212;&#8212;&#8212;&#8212;&#8212;&#8211; AGR\u00cdCOLA &#8212;&#8212;&#8212;&#8212;&#8212;&#8212;&#8212;<\/em><\/strong><\/p>\n<p>&nbsp;<\/p>\n<p><strong>Mec\u00e2nico de: Colhedora ou de Campo\u00a0 (03 vagas)\u00a0 <\/strong><\/p>\n<p>\u2022\u00a0\u00a0\u00a0\u00a0\u00a0\u00a0\u00a0\u00a0\u00a0\u00a0\u00a0\u00a0 Ensino Fundamental Completo<\/p>\n<p>\u2022\u00a0\u00a0\u00a0\u00a0\u00a0\u00a0\u00a0\u00a0\u00a0\u00a0\u00a0\u00a0 CNH \u201cAB\u201d<\/p>\n<p>\u2022\u00a0\u00a0\u00a0\u00a0\u00a0\u00a0\u00a0\u00a0\u00a0\u00a0\u00a0\u00a0 Experi\u00eancia na Fun\u00e7\u00e3o<\/p>\n<p>&nbsp;<\/p>\n<p><strong><em>&#8212;&#8212;&#8212;&#8212;&#8212;&#8212;&#8212;&#8212;&#8212;-IND\u00daSTRIA&#8212;&#8212;&#8212;&#8212;&#8212;&#8212;&#8212;&#8212;&#8212;-<\/em><\/strong><\/p>\n<p>&nbsp;<\/p>\n<p><strong>T\u00e9cnico em An\u00e1lise de Vibra\u00e7\u00e3o (01 Vaga)<\/strong><\/p>\n<p>\u2022\u00a0\u00a0\u00a0\u00a0\u00a0\u00a0\u00a0\u00a0\u00a0\u00a0\u00a0\u00a0 Conhecimento em An\u00e1lise de Vibra\u00e7\u00e3o<\/p>\n<p>\u2022\u00a0\u00a0\u00a0\u00a0\u00a0\u00a0\u00a0\u00a0\u00a0\u00a0\u00a0\u00a0 Com Experi\u00eancia na Fun\u00e7\u00e3o<\/p>\n<p>&nbsp;<\/p>\n<p><strong>Operador de Processo \u2013 Caldeira (02 vagas)<\/strong><\/p>\n<p>\u2022\u00a0\u00a0\u00a0\u00a0\u00a0\u00a0\u00a0\u00a0\u00a0\u00a0\u00a0\u00a0 Ensino Fundamental Completo<\/p>\n<p>\u2022\u00a0\u00a0\u00a0\u00a0\u00a0\u00a0\u00a0\u00a0\u00a0\u00a0\u00a0\u00a0 Desej\u00e1vel Experi\u00eancia na Fun\u00e7\u00e3o<\/p>\n<p>&nbsp;<\/p>\n<p><strong>T\u00e9cnico em Eletr\u00f4nica\u00a0\u00a0\u00a0\u00a0 (01 vaga)<\/strong><\/p>\n<p>\u2022\u00a0\u00a0\u00a0\u00a0\u00a0\u00a0\u00a0\u00a0\u00a0\u00a0\u00a0\u00a0 Forma\u00e7\u00e3o em: T\u00e9cnico em Automa\u00e7\u00e3o ou Mecatr\u00f4nica<\/p>\n<p>T\u00e9cnico em Eletr\u00f4nica<\/p>\n<p>T\u00e9cnico em Eletrot\u00e9cnica<\/p>\n<p>\u2022\u00a0\u00a0\u00a0\u00a0\u00a0\u00a0\u00a0\u00a0\u00a0\u00a0\u00a0\u00a0 Desej\u00e1vel Experi\u00eancia na Fun\u00e7\u00e3o<\/p>\n<p>&nbsp;<\/p>\n<p><strong>T\u00e9cnico em Eletrot\u00e9cnica\u00a0\u00a0\u00a0\u00a0 (01 vaga)<\/strong><\/p>\n<p>\u2022\u00a0\u00a0\u00a0\u00a0\u00a0\u00a0\u00a0\u00a0\u00a0\u00a0\u00a0\u00a0 Forma\u00e7\u00e3o em Eletrot\u00e9cnica<\/p>\n<p>\u2022\u00a0\u00a0\u00a0\u00a0\u00a0\u00a0\u00a0\u00a0\u00a0\u00a0\u00a0\u00a0 Desej\u00e1vel Experi\u00eancia na Fun\u00e7\u00e3o<\/p>\n<p>&nbsp;<\/p>\n<p><strong>T\u00e9cnico em Refrigera\u00e7\u00e3o\u00a0\u00a0\u00a0\u00a0 (01 vaga)<\/strong><\/p>\n<p>\u2022\u00a0\u00a0\u00a0\u00a0\u00a0\u00a0\u00a0\u00a0\u00a0\u00a0\u00a0\u00a0 Forma\u00e7\u00e3o em: T\u00e9cnico em Mec\u00e2nica de Refrigera\u00e7\u00e3o<\/p>\n<p>T\u00e9cnico em Refrigera\u00e7\u00e3o<\/p>\n<p>T\u00e9cnico em Eletrot\u00e9cnica<\/p>\n<p>\u2022\u00a0\u00a0\u00a0\u00a0\u00a0\u00a0\u00a0\u00a0\u00a0\u00a0\u00a0\u00a0 Desej\u00e1vel Experi\u00eancia na Fun\u00e7\u00e3o<\/p>\n<p>&nbsp;<\/p>\n<p><strong>Auxiliar em TI\u00a0\u00a0\u00a0\u00a0 (01 vaga)<\/strong><\/p>\n<p>\u2022\u00a0\u00a0\u00a0\u00a0\u00a0\u00a0\u00a0\u00a0\u00a0\u00a0\u00a0\u00a0 Ensino M\u00e9dio Completo<\/p>\n<p>\u2022\u00a0\u00a0\u00a0\u00a0\u00a0\u00a0\u00a0\u00a0\u00a0\u00a0\u00a0\u00a0 Desej\u00e1vel conhecimento em inform\u00e1tica<\/p>\n<p>\u2022\u00a0\u00a0\u00a0\u00a0\u00a0\u00a0\u00a0\u00a0\u00a0\u00a0\u00a0\u00a0 Desej\u00e1vel experi\u00eancia na fun\u00e7\u00e3o e\/ou curso na \u00e1rea<\/p>\n<p>&nbsp;<\/p>\n<p>As entrevistas s\u00e3o realizadas de segunda \u00e0 quinta-feira, no per\u00edodo matutino, das 06 \u00e0s 10 horas.<\/p>\n<p>Interessados devem enviar o curr\u00edculo para o endere\u00e7o de email: roberta.takahara@iaco.ind.br.<\/p>\n<p>Mais informa\u00e7\u00f5es: Tel: (67) 3562.5700 &#8211; Ramal 5870.<\/p>\n<\/div>\n","protected":false},"excerpt":{"rendered":"<p>A empresa IACO Agr\u00edcola S\/A divulgou novo boletim com os cargos que est\u00e3o abertos para essa semana. As vagas de emprego s\u00e3o para profissionais de Chapad\u00e3o do Sul e toda regi\u00e3o. Vejas as vagas ofertadas: &nbsp; &#8212;&#8212;&#8212;&#8212;&#8212;&#8212;&#8212;&#8211; AGR\u00cdCOLA &#8212;&#8212;&#8212;&#8212;&#8212;&#8212;&#8212; &nbsp; Mec\u00e2nico de: Colhedora ou de Campo\u00a0 (03 vagas)\u00a0 \u2022\u00a0\u00a0\u00a0\u00a0\u00a0\u00a0\u00a0\u00a0\u00a0\u00a0\u00a0\u00a0 Ensino Fundamental Completo \u2022\u00a0\u00a0\u00a0\u00a0\u00a0\u00a0\u00a0\u00a0\u00a0\u00a0\u00a0\u00a0 CNH \u201cAB\u201d [&hellip;]<\/p>\n","protected":false},"author":4,"featured_media":1012,"comment_status":"closed","ping_status":"closed","sticky":false,"template":"","format":"standard","meta":{"footnotes":""},"categories":[24],"tags":[],"class_list":["post-12060","post","type-post","status-publish","format-standard","has-post-thumbnail","hentry","category-classificados"],"_links":{"self":[{"href":"https:\/\/www.ocorreionews.com.br\/acervo-correio\/index.php?rest_route=\/wp\/v2\/posts\/12060","targetHints":{"allow":["GET"]}}],"collection":[{"href":"https:\/\/www.ocorreionews.com.br\/acervo-correio\/index.php?rest_route=\/wp\/v2\/posts"}],"about":[{"href":"https:\/\/www.ocorreionews.com.br\/acervo-correio\/index.php?rest_route=\/wp\/v2\/types\/post"}],"author":[{"embeddable":true,"href":"https:\/\/www.ocorreionews.com.br\/acervo-correio\/index.php?rest_route=\/wp\/v2\/users\/4"}],"replies":[{"embeddable":true,"href":"https:\/\/www.ocorreionews.com.br\/acervo-correio\/index.php?rest_route=%2Fwp%2Fv2%2Fcomments&post=12060"}],"version-history":[{"count":0,"href":"https:\/\/www.ocorreionews.com.br\/acervo-correio\/index.php?rest_route=\/wp\/v2\/posts\/12060\/revisions"}],"wp:featuredmedia":[{"embeddable":true,"href":"https:\/\/www.ocorreionews.com.br\/acervo-correio\/index.php?rest_route=\/wp\/v2\/media\/1012"}],"wp:attachment":[{"href":"https:\/\/www.ocorreionews.com.br\/acervo-correio\/index.php?rest_route=%2Fwp%2Fv2%2Fmedia&parent=12060"}],"wp:term":[{"taxonomy":"category","embeddable":true,"href":"https:\/\/www.ocorreionews.com.br\/acervo-correio\/index.php?rest_route=%2Fwp%2Fv2%2Fcategories&post=12060"},{"taxonomy":"post_tag","embeddable":true,"href":"https:\/\/www.ocorreionews.com.br\/acervo-correio\/index.php?rest_route=%2Fwp%2Fv2%2Ftags&post=12060"}],"curies":[{"name":"wp","href":"https:\/\/api.w.org\/{rel}","templated":true}]}}