{"id":12065,"date":"2015-10-05T13:51:08","date_gmt":"2015-10-05T17:51:08","guid":{"rendered":"https:\/\/ocorreionews.com.br\/?p=12065"},"modified":"2015-10-05T13:51:08","modified_gmt":"2015-10-05T17:51:08","slug":"paranaiba-homem-causa-tumulto-em-bar-se-corta-e-ameaca-passar-hiv-para-equipe-policial","status":"publish","type":"post","link":"https:\/\/www.ocorreionews.com.br\/acervo-correio\/?p=12065","title":{"rendered":"PARANA\u00cdBA &#8211; Homem causa tumulto em bar, se corta e amea\u00e7a passar HIV para equipe policial"},"content":{"rendered":"<p>Na madrugada de s\u00e1bado (3), por volta da 0h20, um homem de 30 anos, homossexual bastante conhecido em Parana\u00edba, foi preso ap\u00f3s causar tumulto em um bar, na rua Theodulo Mendes Malheiros, desacatar, agredir e amea\u00e7ar os policiais, dizendo que passaria HIV (AIDS) para eles.<\/p>\n<p>Segundo o Boletim de Ocorr\u00eancia, uma equipe policial foi acionada a comparecer no referido estabelecimento comercial, onde o acusado estaria causando tumulto e agredindo os demais clientes do local. Quando a equipe policial chegou no bar, se depararam com o autor, que \u00e9 conhecido por nome de mulher, em vis\u00edvel estado psicol\u00f3gico alterado, mostrando intensa agressividade, proferindo palavras de baixo cal\u00e3o contra as v\u00edtimas e contra a propriet\u00e1ria do estabelecimento. Ao ser questionado, o autor passou a desacatar os policiais, dizendo que n\u00e3o iria ser presa por \u201cfilho da &#8230; de PM nenhum\u201d dizendo ainda por diversas vezes: &#8220;seus PM\u2019s filhos da &#8230;\u201d.<\/p>\n<p>Diante dos fatos e da afirmativa dos solicitantes, em querer representar contra o autor, foi dada voz de pris\u00e3o contra o acusado, que imediatamente se recusou a acompanhar os policiais militares, dizendo que n\u00e3o iria de forma alguma. Diante da recusa, foi necess\u00e1rio a sua imobiliza\u00e7\u00e3o com uso moderado da for\u00e7a e uso de algemas, e s\u00f3 ent\u00e3o foi encaminhado para o Primeiro Distrito Policial. Ao chegar na Delegacia, o autor estava mais calmo, por\u00e9m, quando os policiais retiraram as algemas, o indiv\u00edduo voltou a ofender os policiais, dizendo que iria mandar matar todos, que ningu\u00e9m o levaria para a cela.<\/p>\n<p>Diante da agressividade do indiv\u00edduo e por saber que este \u00e9 portador do v\u00edrus HIV, outra equipe policial foi solicitada para dar apoio. Em seguida, os policiais tentaram conversar com o sujeito, para que ele fosse pacificamente para a cela, por\u00e9m ele ainda descontrolado, passou a danificar a sala de confec\u00e7\u00e3o de Boletim de Ocorr\u00eancias, e a tentar agredir os policiais.<\/p>\n<p>Em dado momento, enquanto de debatia na sala, ao jogar os m\u00f3veis no ch\u00e3o, o sujeito se feriu e ent\u00e3o passou a amea\u00e7ar os policiais com o seu sangue, dizendo que passaria HIV para todos. A partir da\u00ed, ele tentava a todo instante passar seu sangue nos policiais, que por precau\u00e7\u00e3o se afastaram dele. Novamente foi necess\u00e1rio o uso de for\u00e7a moderada para conter o indiv\u00edduo, momento em que ele deu um golpe contra o rosto de um policial, vindo a quebrar o \u00f3culos do mesmo e a lhe causar um ferimento no nariz. Antes de ser totalmente dominado, o autor ainda conseguiu agredir outro soldado, desferindo um golpe em seu rosto e em seguida, conseguindo ainda se desvencilhar, acertou socos e chutes contra os outros policiais.<\/p>\n<p>Ap\u00f3s estas agress\u00f5es, o autor tentou agredir um sargento que acompanhava a pris\u00e3o, e este para conter o indiv\u00edduo, deu dois tiros de elast\u00f4mero (balas de borracha) contra ele e s\u00f3 ent\u00e3o foi finalmente dominado por completo e colocado dentro da cela.<br \/>\nImediatamente foi necess\u00e1rio o encaminhamento dos policiais para Santa Casa para o atendimento m\u00e9dico em virtude de apresentarem ferimentos e terem tido contato com sangue do autor, enquanto tentavam domin\u00e1-lo e o mesmo insistia em tentar passar seu sangue nos policiais.<\/p>\n<p>Uma equipe do Corpo de Bombeiros se deslocou at\u00e9 a Delegacia, onde prestou atendimento ao autor, n\u00e3o sendo necess\u00e1rio que o mesmo fosse encaminhado para o Hospital. O autor encontra-se preso,\u00a0a disposi\u00e7\u00e3o da Justi\u00e7a.<\/p>\n<p>&nbsp;<\/p>\n<p>Fonte: Jornal Tribuna Livre<\/p>\n","protected":false},"excerpt":{"rendered":"<p>Na madrugada de s\u00e1bado (3), por volta da 0h20, um homem de 30 anos, homossexual bastante conhecido em Parana\u00edba, foi preso ap\u00f3s causar tumulto em um bar, na rua Theodulo Mendes Malheiros, desacatar, agredir e amea\u00e7ar os policiais, dizendo que passaria HIV (AIDS) para eles. Segundo o Boletim de Ocorr\u00eancia, uma equipe policial foi acionada [&hellip;]<\/p>\n","protected":false},"author":4,"featured_media":2862,"comment_status":"closed","ping_status":"closed","sticky":false,"template":"","format":"standard","meta":{"footnotes":""},"categories":[38],"tags":[],"class_list":["post-12065","post","type-post","status-publish","format-standard","has-post-thumbnail","hentry","category-policia"],"_links":{"self":[{"href":"https:\/\/www.ocorreionews.com.br\/acervo-correio\/index.php?rest_route=\/wp\/v2\/posts\/12065","targetHints":{"allow":["GET"]}}],"collection":[{"href":"https:\/\/www.ocorreionews.com.br\/acervo-correio\/index.php?rest_route=\/wp\/v2\/posts"}],"about":[{"href":"https:\/\/www.ocorreionews.com.br\/acervo-correio\/index.php?rest_route=\/wp\/v2\/types\/post"}],"author":[{"embeddable":true,"href":"https:\/\/www.ocorreionews.com.br\/acervo-correio\/index.php?rest_route=\/wp\/v2\/users\/4"}],"replies":[{"embeddable":true,"href":"https:\/\/www.ocorreionews.com.br\/acervo-correio\/index.php?rest_route=%2Fwp%2Fv2%2Fcomments&post=12065"}],"version-history":[{"count":0,"href":"https:\/\/www.ocorreionews.com.br\/acervo-correio\/index.php?rest_route=\/wp\/v2\/posts\/12065\/revisions"}],"wp:featuredmedia":[{"embeddable":true,"href":"https:\/\/www.ocorreionews.com.br\/acervo-correio\/index.php?rest_route=\/wp\/v2\/media\/2862"}],"wp:attachment":[{"href":"https:\/\/www.ocorreionews.com.br\/acervo-correio\/index.php?rest_route=%2Fwp%2Fv2%2Fmedia&parent=12065"}],"wp:term":[{"taxonomy":"category","embeddable":true,"href":"https:\/\/www.ocorreionews.com.br\/acervo-correio\/index.php?rest_route=%2Fwp%2Fv2%2Fcategories&post=12065"},{"taxonomy":"post_tag","embeddable":true,"href":"https:\/\/www.ocorreionews.com.br\/acervo-correio\/index.php?rest_route=%2Fwp%2Fv2%2Ftags&post=12065"}],"curies":[{"name":"wp","href":"https:\/\/api.w.org\/{rel}","templated":true}]}}