{"id":12091,"date":"2015-10-06T07:34:15","date_gmt":"2015-10-06T11:34:15","guid":{"rendered":"https:\/\/ocorreionews.com.br\/?p=12091"},"modified":"2015-10-06T07:34:15","modified_gmt":"2015-10-06T11:34:15","slug":"sessao-itinerante-e-elogiada-pelo-vereador-donivani-martins","status":"publish","type":"post","link":"https:\/\/www.ocorreionews.com.br\/acervo-correio\/?p=12091","title":{"rendered":"Sess\u00e3o Itinerante \u00e9 elogiada pelo Vereador Donivani Martins"},"content":{"rendered":"<p style=\"text-align: justify;\">Em seu pronunciamento durante a Sess\u00e3o Ordin\u00e1ria realizada no dia 29 de setembro\/15, na Escola Flores do Cerrado, o Vereador Donivani Martins (PMDB), elogiou a iniciativa de esclarecer aos jovens a forma de atua\u00e7\u00e3o do Poder Legislativo.<\/p>\n<p style=\"text-align: justify;\">\u201cA popula\u00e7\u00e3o precisa conhecer a forma de atua\u00e7\u00e3o de C\u00e2mara Municipal de Vereadores, pois s\u00f3 assim ir\u00e1 contribuir com sugest\u00f5es e criticas visando melhorar a qualidade de vida de todos os mun\u00edcipes.\u201d Disse.<\/p>\n<p style=\"text-align: justify;\">Destacou o Vereador Donivani que os jovens devem ser ativos nas atividades da escola e a participa\u00e7\u00e3o no Gr\u00eamio Estudantil pode ser o primeiro passo para iniciar uma carreira na pol\u00edtica.<\/p>\n<p style=\"text-align: justify;\">\u201cEm minha juventude fui Presidente do Gr\u00eamio Estudantil, contribuindo com a tomada de decis\u00f5es e ajudando no desenvolvimento da institui\u00e7\u00e3o de ensino a qual pertencia e somente ap\u00f3s completar meus 50 anos entrei na pol\u00edtica onde fui eleito vereador. Nossos jovens devem ter uma participa\u00e7\u00e3o ativa na sociedade se envolvendo na pol\u00edtica, somente com pessoas s\u00e9rias e comprometidas ingressando na pol\u00edtica iremos mudar o nosso pa\u00eds\u201d.<\/p>\n<p style=\"text-align: justify;\">Finalizou convidando alunos, professores e demais setores da sociedade para participar das sess\u00f5es legislativas que acontecem em hor\u00e1rio regimental nas segundas feiras \u00e0s 20:00hs.<\/p>\n<p style=\"text-align: justify;\">Assecom C\u00e2mara Municipal<\/p>\n","protected":false},"excerpt":{"rendered":"<p>Em seu pronunciamento durante a Sess\u00e3o Ordin\u00e1ria realizada no dia 29 de setembro\/15, na Escola Flores do Cerrado, o Vereador Donivani Martins (PMDB), elogiou a iniciativa de esclarecer aos jovens a forma de atua\u00e7\u00e3o do Poder Legislativo. \u201cA popula\u00e7\u00e3o precisa conhecer a forma de atua\u00e7\u00e3o de C\u00e2mara Municipal de Vereadores, pois s\u00f3 assim ir\u00e1 contribuir [&hellip;]<\/p>\n","protected":false},"author":4,"featured_media":8714,"comment_status":"closed","ping_status":"closed","sticky":false,"template":"","format":"standard","meta":{"footnotes":""},"categories":[22],"tags":[],"class_list":["post-12091","post","type-post","status-publish","format-standard","has-post-thumbnail","hentry","category-chapadao-do-ceu"],"_links":{"self":[{"href":"https:\/\/www.ocorreionews.com.br\/acervo-correio\/index.php?rest_route=\/wp\/v2\/posts\/12091","targetHints":{"allow":["GET"]}}],"collection":[{"href":"https:\/\/www.ocorreionews.com.br\/acervo-correio\/index.php?rest_route=\/wp\/v2\/posts"}],"about":[{"href":"https:\/\/www.ocorreionews.com.br\/acervo-correio\/index.php?rest_route=\/wp\/v2\/types\/post"}],"author":[{"embeddable":true,"href":"https:\/\/www.ocorreionews.com.br\/acervo-correio\/index.php?rest_route=\/wp\/v2\/users\/4"}],"replies":[{"embeddable":true,"href":"https:\/\/www.ocorreionews.com.br\/acervo-correio\/index.php?rest_route=%2Fwp%2Fv2%2Fcomments&post=12091"}],"version-history":[{"count":0,"href":"https:\/\/www.ocorreionews.com.br\/acervo-correio\/index.php?rest_route=\/wp\/v2\/posts\/12091\/revisions"}],"wp:featuredmedia":[{"embeddable":true,"href":"https:\/\/www.ocorreionews.com.br\/acervo-correio\/index.php?rest_route=\/wp\/v2\/media\/8714"}],"wp:attachment":[{"href":"https:\/\/www.ocorreionews.com.br\/acervo-correio\/index.php?rest_route=%2Fwp%2Fv2%2Fmedia&parent=12091"}],"wp:term":[{"taxonomy":"category","embeddable":true,"href":"https:\/\/www.ocorreionews.com.br\/acervo-correio\/index.php?rest_route=%2Fwp%2Fv2%2Fcategories&post=12091"},{"taxonomy":"post_tag","embeddable":true,"href":"https:\/\/www.ocorreionews.com.br\/acervo-correio\/index.php?rest_route=%2Fwp%2Fv2%2Ftags&post=12091"}],"curies":[{"name":"wp","href":"https:\/\/api.w.org\/{rel}","templated":true}]}}