{"id":12093,"date":"2015-10-06T07:35:45","date_gmt":"2015-10-06T11:35:45","guid":{"rendered":"https:\/\/ocorreionews.com.br\/?p=12093"},"modified":"2015-10-06T07:35:45","modified_gmt":"2015-10-06T11:35:45","slug":"vereadores-aprovam-suplementacao-de-20-no-orcamento-de-2015","status":"publish","type":"post","link":"https:\/\/www.ocorreionews.com.br\/acervo-correio\/?p=12093","title":{"rendered":"Vereadores aprovam suplementa\u00e7\u00e3o de 20% no or\u00e7amento de 2015"},"content":{"rendered":"<p style=\"text-align: justify;\">Atrav\u00e9s do Projeto de Lei N\u00ba 23 de 27 de agosto de 2015, ficou aprovado pela C\u00e2mara Municipal de Vereadores a suplementa\u00e7\u00e3o de 20% na LDO \u2013 Lei de Diretrizes Or\u00e7ament\u00e1ria de 2015.<\/p>\n<p style=\"text-align: justify;\">Com a referida aprova\u00e7\u00e3o fica o Poder Executivo a abrir cr\u00e9ditos suplementares at\u00e9 o limite de 20% do total das despesas fixadas no or\u00e7amento, nos termos da legisla\u00e7\u00e3o vigente.<\/p>\n<p style=\"text-align: justify;\">Segundo exposi\u00e7\u00e3o de motivos do Prefeito Rog\u00e9rio Graxa, a suplementa\u00e7\u00e3o \u00e9 necess\u00e1ria para manuten\u00e7\u00e3o das atividades do munic\u00edpio nos pr\u00f3ximos meses, devido as obras em andamento e os custos de manuten\u00e7\u00e3o administrativas diretas e indireta.<\/p>\n<p style=\"text-align: justify;\">Assecom C\u00e2mara Municipal<\/p>\n","protected":false},"excerpt":{"rendered":"<p>Atrav\u00e9s do Projeto de Lei N\u00ba 23 de 27 de agosto de 2015, ficou aprovado pela C\u00e2mara Municipal de Vereadores a suplementa\u00e7\u00e3o de 20% na LDO \u2013 Lei de Diretrizes Or\u00e7ament\u00e1ria de 2015. Com a referida aprova\u00e7\u00e3o fica o Poder Executivo a abrir cr\u00e9ditos suplementares at\u00e9 o limite de 20% do total das despesas fixadas [&hellip;]<\/p>\n","protected":false},"author":4,"featured_media":10098,"comment_status":"closed","ping_status":"closed","sticky":false,"template":"","format":"standard","meta":{"footnotes":""},"categories":[22],"tags":[],"class_list":["post-12093","post","type-post","status-publish","format-standard","has-post-thumbnail","hentry","category-chapadao-do-ceu"],"_links":{"self":[{"href":"https:\/\/www.ocorreionews.com.br\/acervo-correio\/index.php?rest_route=\/wp\/v2\/posts\/12093","targetHints":{"allow":["GET"]}}],"collection":[{"href":"https:\/\/www.ocorreionews.com.br\/acervo-correio\/index.php?rest_route=\/wp\/v2\/posts"}],"about":[{"href":"https:\/\/www.ocorreionews.com.br\/acervo-correio\/index.php?rest_route=\/wp\/v2\/types\/post"}],"author":[{"embeddable":true,"href":"https:\/\/www.ocorreionews.com.br\/acervo-correio\/index.php?rest_route=\/wp\/v2\/users\/4"}],"replies":[{"embeddable":true,"href":"https:\/\/www.ocorreionews.com.br\/acervo-correio\/index.php?rest_route=%2Fwp%2Fv2%2Fcomments&post=12093"}],"version-history":[{"count":0,"href":"https:\/\/www.ocorreionews.com.br\/acervo-correio\/index.php?rest_route=\/wp\/v2\/posts\/12093\/revisions"}],"wp:featuredmedia":[{"embeddable":true,"href":"https:\/\/www.ocorreionews.com.br\/acervo-correio\/index.php?rest_route=\/wp\/v2\/media\/10098"}],"wp:attachment":[{"href":"https:\/\/www.ocorreionews.com.br\/acervo-correio\/index.php?rest_route=%2Fwp%2Fv2%2Fmedia&parent=12093"}],"wp:term":[{"taxonomy":"category","embeddable":true,"href":"https:\/\/www.ocorreionews.com.br\/acervo-correio\/index.php?rest_route=%2Fwp%2Fv2%2Fcategories&post=12093"},{"taxonomy":"post_tag","embeddable":true,"href":"https:\/\/www.ocorreionews.com.br\/acervo-correio\/index.php?rest_route=%2Fwp%2Fv2%2Ftags&post=12093"}],"curies":[{"name":"wp","href":"https:\/\/api.w.org\/{rel}","templated":true}]}}