{"id":12095,"date":"2015-10-06T07:42:34","date_gmt":"2015-10-06T11:42:34","guid":{"rendered":"https:\/\/ocorreionews.com.br\/?p=12095"},"modified":"2015-10-06T07:42:34","modified_gmt":"2015-10-06T11:42:34","slug":"caminhao-carregado-com-carne-tomba-proximo-ao-distrito-da-laje-em-costa-rica","status":"publish","type":"post","link":"https:\/\/www.ocorreionews.com.br\/acervo-correio\/?p=12095","title":{"rendered":"Caminh\u00e3o carregado com carne tomba pr\u00f3ximo ao Distrito da Laje em Costa Rica"},"content":{"rendered":"<p style=\"text-align: justify;\">Uma carreta carregada com 23 toneladas de carne tombou na Rodovia MS 306, pr\u00f3ximo ao Distrito da Laje em Costa Rica.<\/p>\n<p style=\"text-align: justify;\">De acordo com informa\u00e7\u00f5es do Corpo de Bombeiros a, o motorista, Adalto Cunha Machado, estava vindo do estado\u00a0de Mato Grosso quando surgiu um caminh\u00e3o em sua frente e invadiu a pista da contram\u00e3o, obrigando Adalto a jogar o caminh\u00e3o para o acostamento.<\/p>\n<p style=\"text-align: justify;\">Ele jogou para o acostamento e voltou para a pista, por\u00e9m a cabine do caminh\u00e3o pendeu para o lado fazendo com que o mesmo tombasse.<\/p>\n<p style=\"text-align: justify;\">O motorista estava tranquilo e nada sofreu.<\/p>\n<p style=\"text-align: justify;\">Os bombeiros fizeram uma conten\u00e7\u00e3o de areia para que o combust\u00edvel do caminh\u00e3o n\u00e3o chegasse at\u00e9 o Rio. \u00a0E jogaram \u00e1gua para n\u00e3o ocorrer risco de explos\u00e3o por conta do calor.<\/p>\n<p style=\"text-align: justify;\">O caminh\u00e3o ainda est\u00e1 no local juntamente com o caminhoneiro esperando o seguro.<\/p>\n<p style=\"text-align: justify;\">Os soldados do Corpo de Bombeiros Mendes, J. Gomes e Reis participaram da ocorr\u00eancia.<\/p>\n<p style=\"text-align: justify;\">J\u00e1 da GTO participaram da ocorr\u00eancia o Sargento PM Alaor, Sargento PM de Paula e soldado PM Godoy.<\/p>\n<p style=\"text-align: justify;\">*Mat\u00e9ria sujeita a altera\u00e7\u00e3o para\u00a0acr\u00e9scimo de informa\u00e7\u00e3o.<\/p>\n<p style=\"text-align: justify;\">\n<div class=\"clear\" style=\"text-align: justify;\"><\/div>\n<div class=\"fonte\" style=\"text-align: justify;\">Fonte: MS TODO DIA<\/div>\n","protected":false},"excerpt":{"rendered":"<p>Uma carreta carregada com 23 toneladas de carne tombou na Rodovia MS 306, pr\u00f3ximo ao Distrito da Laje em Costa Rica. De acordo com informa\u00e7\u00f5es do Corpo de Bombeiros a, o motorista, Adalto Cunha Machado, estava vindo do estado\u00a0de Mato Grosso quando surgiu um caminh\u00e3o em sua frente e invadiu a pista da contram\u00e3o, obrigando [&hellip;]<\/p>\n","protected":false},"author":4,"featured_media":12096,"comment_status":"closed","ping_status":"closed","sticky":false,"template":"","format":"standard","meta":{"footnotes":""},"categories":[25,38],"tags":[],"class_list":["post-12095","post","type-post","status-publish","format-standard","has-post-thumbnail","hentry","category-costa-rica","category-policia"],"_links":{"self":[{"href":"https:\/\/www.ocorreionews.com.br\/acervo-correio\/index.php?rest_route=\/wp\/v2\/posts\/12095","targetHints":{"allow":["GET"]}}],"collection":[{"href":"https:\/\/www.ocorreionews.com.br\/acervo-correio\/index.php?rest_route=\/wp\/v2\/posts"}],"about":[{"href":"https:\/\/www.ocorreionews.com.br\/acervo-correio\/index.php?rest_route=\/wp\/v2\/types\/post"}],"author":[{"embeddable":true,"href":"https:\/\/www.ocorreionews.com.br\/acervo-correio\/index.php?rest_route=\/wp\/v2\/users\/4"}],"replies":[{"embeddable":true,"href":"https:\/\/www.ocorreionews.com.br\/acervo-correio\/index.php?rest_route=%2Fwp%2Fv2%2Fcomments&post=12095"}],"version-history":[{"count":0,"href":"https:\/\/www.ocorreionews.com.br\/acervo-correio\/index.php?rest_route=\/wp\/v2\/posts\/12095\/revisions"}],"wp:featuredmedia":[{"embeddable":true,"href":"https:\/\/www.ocorreionews.com.br\/acervo-correio\/index.php?rest_route=\/wp\/v2\/media\/12096"}],"wp:attachment":[{"href":"https:\/\/www.ocorreionews.com.br\/acervo-correio\/index.php?rest_route=%2Fwp%2Fv2%2Fmedia&parent=12095"}],"wp:term":[{"taxonomy":"category","embeddable":true,"href":"https:\/\/www.ocorreionews.com.br\/acervo-correio\/index.php?rest_route=%2Fwp%2Fv2%2Fcategories&post=12095"},{"taxonomy":"post_tag","embeddable":true,"href":"https:\/\/www.ocorreionews.com.br\/acervo-correio\/index.php?rest_route=%2Fwp%2Fv2%2Ftags&post=12095"}],"curies":[{"name":"wp","href":"https:\/\/api.w.org\/{rel}","templated":true}]}}