{"id":12098,"date":"2015-10-06T07:46:41","date_gmt":"2015-10-06T11:46:41","guid":{"rendered":"https:\/\/ocorreionews.com.br\/?p=12098"},"modified":"2015-10-06T07:46:41","modified_gmt":"2015-10-06T11:46:41","slug":"caminhonete-capota-em-costa-rica-ocupantes-estavam-sem-cinto-de-seguranca-e-estao-em-estado-grave","status":"publish","type":"post","link":"https:\/\/www.ocorreionews.com.br\/acervo-correio\/?p=12098","title":{"rendered":"Caminhonete capota em Costa Rica. Ocupantes estavam sem cinto de seguran\u00e7a e est\u00e3o em estado grave"},"content":{"rendered":"<p>Uma caminhonete preta capotou na sa\u00edda para Figueir\u00e3o em Costa Rica, nesta segunda-feira e deixou os dois ocupantes em estado grave.<\/p>\n<p>De acordo com informa\u00e7\u00f5es do Corpo de Bombeiros o motorista perdeu a dire\u00e7\u00e3o, fazendo com que a caminhonete capotasse e parasse com a cabina voltada para baixo.<\/p>\n<p>O motorista e o passageiro n\u00e3o usavam o cinto de seguran\u00e7a. Um deles foi levado por populares at\u00e9 a Funda\u00e7\u00e3o Hospitalar na madrugada e o outro foi encontrado pela manh\u00e3 pelos bombeiros distante do veiculo.<\/p>\n<p>Os bombeiros informaram que Jo\u00e3o Carlos Dias de Souza estava no meio de uma moita. Ele foi arremessado para fora do\u00a0carro e a moita preservou\u00a0a coluna e a temperatura dele.<\/p>\n<p>Ele foi levado pelos bombeiros para a Funda\u00e7\u00e3o Hospitalar inconsciente, respirando, mas com sintomas de traumatismo craniano.<\/p>\n<p>O site MS Todo Dia n\u00e3o tem informa\u00e7\u00e3o da outra v\u00edtima.<\/p>\n<p>Participaram da ocorr\u00eancia os soldados do Corpo de Bombeiros, Mendes, J. Gomes e Reis.<\/p>\n<p>*Mat\u00e9ria sujeita a altera\u00e7\u00e3o\u00a0para acr\u00e9scimo de informa\u00e7\u00e3o.<\/p>\n<p>&nbsp;<\/p>\n<div class=\"clear\"><\/div>\n<div class=\"fonte\">Fonte: MS TODO DIA<\/div>\n","protected":false},"excerpt":{"rendered":"<p>Uma caminhonete preta capotou na sa\u00edda para Figueir\u00e3o em Costa Rica, nesta segunda-feira e deixou os dois ocupantes em estado grave. De acordo com informa\u00e7\u00f5es do Corpo de Bombeiros o motorista perdeu a dire\u00e7\u00e3o, fazendo com que a caminhonete capotasse e parasse com a cabina voltada para baixo. O motorista e o passageiro n\u00e3o usavam [&hellip;]<\/p>\n","protected":false},"author":4,"featured_media":12099,"comment_status":"closed","ping_status":"closed","sticky":false,"template":"","format":"standard","meta":{"footnotes":""},"categories":[25,38],"tags":[],"class_list":["post-12098","post","type-post","status-publish","format-standard","has-post-thumbnail","hentry","category-costa-rica","category-policia"],"_links":{"self":[{"href":"https:\/\/www.ocorreionews.com.br\/acervo-correio\/index.php?rest_route=\/wp\/v2\/posts\/12098","targetHints":{"allow":["GET"]}}],"collection":[{"href":"https:\/\/www.ocorreionews.com.br\/acervo-correio\/index.php?rest_route=\/wp\/v2\/posts"}],"about":[{"href":"https:\/\/www.ocorreionews.com.br\/acervo-correio\/index.php?rest_route=\/wp\/v2\/types\/post"}],"author":[{"embeddable":true,"href":"https:\/\/www.ocorreionews.com.br\/acervo-correio\/index.php?rest_route=\/wp\/v2\/users\/4"}],"replies":[{"embeddable":true,"href":"https:\/\/www.ocorreionews.com.br\/acervo-correio\/index.php?rest_route=%2Fwp%2Fv2%2Fcomments&post=12098"}],"version-history":[{"count":0,"href":"https:\/\/www.ocorreionews.com.br\/acervo-correio\/index.php?rest_route=\/wp\/v2\/posts\/12098\/revisions"}],"wp:featuredmedia":[{"embeddable":true,"href":"https:\/\/www.ocorreionews.com.br\/acervo-correio\/index.php?rest_route=\/wp\/v2\/media\/12099"}],"wp:attachment":[{"href":"https:\/\/www.ocorreionews.com.br\/acervo-correio\/index.php?rest_route=%2Fwp%2Fv2%2Fmedia&parent=12098"}],"wp:term":[{"taxonomy":"category","embeddable":true,"href":"https:\/\/www.ocorreionews.com.br\/acervo-correio\/index.php?rest_route=%2Fwp%2Fv2%2Fcategories&post=12098"},{"taxonomy":"post_tag","embeddable":true,"href":"https:\/\/www.ocorreionews.com.br\/acervo-correio\/index.php?rest_route=%2Fwp%2Fv2%2Ftags&post=12098"}],"curies":[{"name":"wp","href":"https:\/\/api.w.org\/{rel}","templated":true}]}}