{"id":12101,"date":"2015-10-06T08:04:45","date_gmt":"2015-10-06T12:04:45","guid":{"rendered":"https:\/\/ocorreionews.com.br\/?p=12101"},"modified":"2015-10-06T08:10:43","modified_gmt":"2015-10-06T12:10:43","slug":"costa-rica-realizou-o-concurso-de-miss-e-mister-terceira-idade","status":"publish","type":"post","link":"https:\/\/www.ocorreionews.com.br\/acervo-correio\/?p=12101","title":{"rendered":"Costa Rica realizou o concurso de Miss e Mister Terceira Idade"},"content":{"rendered":"<div class=\"marginBottom30px link-Internas\">\n<p style=\"text-align: justify;\">O Governo Municipal por meio da Secretaria de Assist\u00eancia Social promoveu na noite de sexta-feira, 02 de outubro de 2015, a 7\u00aa edi\u00e7\u00e3o do concurso de Miss e Mister Terceira Idade, elegendo os mais belos idosos de Costa Rica \u2013 MS. <a href=\"http:\/\/www.costarica.ms.gov.br\/galeria\/137-miss-e-mister-terceira-idade-sexta-feira-02102015-.html\">Clique Aqui<\/a> e confira a galeria de fotos do evento.<\/p>\n<p style=\"text-align: justify;\">Juvilde Maria de Melo e Altair Borges da Silva foram eleitos Miss e Mister Terceira Idade 2015; Ma\u00eddes Narciso da Costa foi eleita princesa e Jos\u00e9 Gon\u00e7alves Martins eleito o pr\u00edncipe; Jandira Matias Costa Lima e Jorge Francisco Dias foram eleitos Mis e Mister Simpatia.<\/p>\n<p style=\"text-align: justify;\">O concurso foi realizado no Conviver \u2013 Centro de Conviv\u00eancia do Idoso \u2018Nosso Sonho\u2019 e contou com a presen\u00e7a do prefeito Waldeli dos Santos Rosa, dos vereadores Ailton Amorim e Ivanildo Ferrari \u2018Did\u00e3o\u2019, do secret\u00e1rio Municipal de Assist\u00eancia Social Waldomiro Bocalan \u2018Biri\u2019, entre outras autoridades, al\u00e9m amigos e familiares dos participantes que foram prestigiar o evento e o baile que foi animado pela dupla prata da casa, Augusto C\u00e9sar &amp; Cristino.<\/p>\n<p style=\"text-align: justify;\">Para o prefeito Waldeli o concurso foi o momento de mostrar que a terceira idade \u00e9 realmente a \u201cmelhor idade\u201d. Ele parabenizou a todos os candidatos, os padrinhos e familiares. \u201cFoi um momento bastante feliz, de poder participar do concurso, e ver a beleza de todos os idosos que participaram. Voc\u00eas mant\u00eam o esp\u00edrito sempre jovem e nos proporcionam alegria. Continuem contando com nosso apoio para que voc\u00eas possam realizar os seus sonhos. Parab\u00e9ns a todos\u201d.<\/p>\n<p style=\"text-align: justify;\">O prefeito agradeceu a todos que contribu\u00edram para a realiza\u00e7\u00e3o do evento, \u201ca todos que deram o seu carinho aos nossos idosos do Projeto Conviver\u201d, declarou e acrescentou \u201cque voc\u00eas continuem com a energia positiva, que \u00e9 contagiante. Nosso governo vai continuar realizando investimentos para realizar os sonhos dos idosos, que muito contribu\u00edram para o crescimento e desenvolvimento de Costa Rica. A todos os idosos, o nosso carinho, respeito e o nosso agradecimento\u201d, finalizou Waldeli.<\/p>\n<p style=\"text-align: justify;\">O secret\u00e1rio Biri fez um agradecimento a toda sociedade de Costa Rica, em especial aos candidatos que foram fundamentais para a realiza\u00e7\u00e3o do concurso de Miss e Mister Terceira Idade. \u201cSem voc\u00eas, n\u00e3o poder\u00edamos realizar este evento, que tanto nos gratifica e nos d\u00e1 prazer. Agrade\u00e7o de cora\u00e7\u00e3o a participa\u00e7\u00e3o de todos\u201d, disse.<\/p>\n<p style=\"text-align: justify;\">Ap\u00f3s a realiza\u00e7\u00e3o do concurso de Miss e Mister Terceira Idade, a dupla Augusto C\u00e9sar &amp; Cristiano animou a noite com um grande baile.<\/p>\n<\/div>\n<div class=\"marginBottom30px link-Internas\" style=\"text-align: justify;\">ASSECOM\/PMCR<\/div>\n<div class=\"row-fluid\"><\/div>\n","protected":false},"excerpt":{"rendered":"<p>O Governo Municipal por meio da Secretaria de Assist\u00eancia Social promoveu na noite de sexta-feira, 02 de outubro de 2015, a 7\u00aa edi\u00e7\u00e3o do concurso de Miss e Mister Terceira Idade, elegendo os mais belos idosos de Costa Rica \u2013 MS. Clique Aqui e confira a galeria de fotos do evento. Juvilde Maria de Melo [&hellip;]<\/p>\n","protected":false},"author":4,"featured_media":12103,"comment_status":"closed","ping_status":"closed","sticky":false,"template":"","format":"standard","meta":{"footnotes":""},"categories":[25],"tags":[],"class_list":["post-12101","post","type-post","status-publish","format-standard","has-post-thumbnail","hentry","category-costa-rica"],"_links":{"self":[{"href":"https:\/\/www.ocorreionews.com.br\/acervo-correio\/index.php?rest_route=\/wp\/v2\/posts\/12101","targetHints":{"allow":["GET"]}}],"collection":[{"href":"https:\/\/www.ocorreionews.com.br\/acervo-correio\/index.php?rest_route=\/wp\/v2\/posts"}],"about":[{"href":"https:\/\/www.ocorreionews.com.br\/acervo-correio\/index.php?rest_route=\/wp\/v2\/types\/post"}],"author":[{"embeddable":true,"href":"https:\/\/www.ocorreionews.com.br\/acervo-correio\/index.php?rest_route=\/wp\/v2\/users\/4"}],"replies":[{"embeddable":true,"href":"https:\/\/www.ocorreionews.com.br\/acervo-correio\/index.php?rest_route=%2Fwp%2Fv2%2Fcomments&post=12101"}],"version-history":[{"count":0,"href":"https:\/\/www.ocorreionews.com.br\/acervo-correio\/index.php?rest_route=\/wp\/v2\/posts\/12101\/revisions"}],"wp:featuredmedia":[{"embeddable":true,"href":"https:\/\/www.ocorreionews.com.br\/acervo-correio\/index.php?rest_route=\/wp\/v2\/media\/12103"}],"wp:attachment":[{"href":"https:\/\/www.ocorreionews.com.br\/acervo-correio\/index.php?rest_route=%2Fwp%2Fv2%2Fmedia&parent=12101"}],"wp:term":[{"taxonomy":"category","embeddable":true,"href":"https:\/\/www.ocorreionews.com.br\/acervo-correio\/index.php?rest_route=%2Fwp%2Fv2%2Fcategories&post=12101"},{"taxonomy":"post_tag","embeddable":true,"href":"https:\/\/www.ocorreionews.com.br\/acervo-correio\/index.php?rest_route=%2Fwp%2Fv2%2Ftags&post=12101"}],"curies":[{"name":"wp","href":"https:\/\/api.w.org\/{rel}","templated":true}]}}